{"id":1157,"date":"2019-02-11T09:00:15","date_gmt":"2019-02-11T08:00:15","guid":{"rendered":"http:\/\/agora.xtec.cat\/escolamestralvilanova\/?p=1157"},"modified":"2019-02-08T13:56:37","modified_gmt":"2019-02-08T12:56:37","slug":"i-setmana-de-la-ciencia-a-lescola","status":"publish","type":"post","link":"https:\/\/agora.xtec.cat\/escolamestralvilanova\/general\/i-setmana-de-la-ciencia-a-lescola\/","title":{"rendered":"I SETMANA DE LA CI\u00c8NCIA A L&#8217;ESCOLA"},"content":{"rendered":"<p class=\"gmail_default\" style=\"text-align: justify;\">Al llarg d&#8217;aquesta setmana celebrarem la <b>\u00a0I Setmana de la Ci\u00e8ncia <\/b>a l&#8217;escola.<\/p>\n<p class=\"gmail_default\" style=\"text-align: justify;\">L&#8217;objectiu principal d&#8217;aquesta iniciativa no \u00e9s altre que despertar i potenciar l\u2019inter\u00e8s i la curiositat dels alumnes vers la Ci\u00e8ncia.<\/p>\n<p class=\"gmail_default\" style=\"text-align: justify;\">Els nens i les nenes de les diferents aules, a trav\u00e9s del m\u00e8tode cient\u00edfic, hem triat i preparat diferents experiments a fi de mostrar-los i explicar-los als nostres companys\/es.<\/p>\n<p class=\"gmail_default\" style=\"text-align: justify;\">Aix\u00ed, durant la setmana vinent els alumnes de l&#8217;escola ens convertirem en cient\u00edfics i farem petites demostracions cient\u00edfiques tot donant a con\u00e8ixer la pregunta inicial, explicant la hip\u00f2tesi plantejada, mostrant el procediment a seguir i extraient unes conclusions a partir de la demostraci\u00f3 vivencial.<\/p>\n<p class=\"gmail_default\" style=\"text-align: justify;\">Tamb\u00e9 treballarem diferents autors que han destacat en el camp de la ci\u00e8ncia i llegirem lectures relacionades amb la divulgaci\u00f3 cient\u00edfica.<\/p>\n<p class=\"gmail_default\" style=\"text-align: justify;\">Amb l&#8217;objectiu de compartir amb tots vosaltres les viv\u00e8ncies viscudes, al llarg de la setmana vinent farem diferents publicacions a la p\u00e0gina web de l&#8217;escola amb les fotografies de les diferents activitats realitzades.<\/p>\n<div><a href=\"https:\/\/agora.xtec.cat\/escolamestralvilanova\/wp-content\/uploads\/usu729\/2019\/02\/CARTELL-ST.-DE-LA-CI\u00c8NCIA.jpg\"><img loading=\"lazy\" decoding=\"async\" class=\"alignnone size-medium wp-image-1158\" src=\"https:\/\/agora.xtec.cat\/escolamestralvilanova\/wp-content\/uploads\/usu729\/2019\/02\/CARTELL-ST.-DE-LA-CI\u00c8NCIA-300x219.jpg\" alt=\"\" width=\"300\" height=\"219\" srcset=\"https:\/\/agora.xtec.cat\/escolamestralvilanova\/wp-content\/uploads\/usu729\/2019\/02\/CARTELL-ST.-DE-LA-CI\u00c8NCIA-300x219.jpg 300w, https:\/\/agora.xtec.cat\/escolamestralvilanova\/wp-content\/uploads\/usu729\/2019\/02\/CARTELL-ST.-DE-LA-CI\u00c8NCIA-768x562.jpg 768w, https:\/\/agora.xtec.cat\/escolamestralvilanova\/wp-content\/uploads\/usu729\/2019\/02\/CARTELL-ST.-DE-LA-CI\u00c8NCIA-1024x749.jpg 1024w, https:\/\/agora.xtec.cat\/escolamestralvilanova\/wp-content\/uploads\/usu729\/2019\/02\/CARTELL-ST.-DE-LA-CI\u00c8NCIA.jpg 1680w\" sizes=\"auto, (max-width: 300px) 100vw, 300px\" \/><\/a><\/div>\n<div><\/div>\n","protected":false},"excerpt":{"rendered":"<p>Al llarg d&#8217;aquesta setmana celebrarem la \u00a0I Setmana de la Ci\u00e8ncia a l&#8217;escola.<br \/>\nL&#8217;objectiu principal d&#8217;aquesta iniciativa no \u00e9s altre que despertar i potenciar l\u2019inter\u00e8s i la curiositat dels alumnes vers la Ci\u00e8ncia.<br \/>\nEls nens i les nenes de les diferents aules, a trav\u00e9s del m\u00e8tode cient\u00edfic,&hellip;  <a href=\"https:\/\/agora.xtec.cat\/escolamestralvilanova\/general\/i-setmana-de-la-ciencia-a-lescola\/\" title=\"Read I SETMANA DE LA CI\u00c8NCIA A L&#8217;ESCOLA\">Llegeix m\u00e9s\u00bb<\/a><\/p>\n","protected":false},"author":1,"featured_media":0,"comment_status":"open","ping_status":"closed","sticky":false,"template":"","format":"standard","meta":{"_bbp_topic_count":0,"_bbp_reply_count":0,"_bbp_total_topic_count":0,"_bbp_total_reply_count":0,"_bbp_voice_count":0,"_bbp_anonymous_reply_count":0,"_bbp_topic_count_hidden":0,"_bbp_reply_count_hidden":0,"_bbp_forum_subforum_count":0,"footnotes":""},"categories":[13,11,12,15,3,14,8,9,10,1,2,4,5],"tags":[],"class_list":["post-1157","post","type-post","status-publish","format-standard","hentry","category-cinque","category-cicle-inicial","category-tercer-quart","category-cicle-superior","category-ei3-ei4-ei5","category-ei1-ei2","category-ei4","category-ei5","category-ei5-primer","category-general","category-infantil","category-portada","category-primaria"],"post_mailing_queue_ids":[],"_links":{"self":[{"href":"https:\/\/agora.xtec.cat\/escolamestralvilanova\/wp-json\/wp\/v2\/posts\/1157","targetHints":{"allow":["GET"]}}],"collection":[{"href":"https:\/\/agora.xtec.cat\/escolamestralvilanova\/wp-json\/wp\/v2\/posts"}],"about":[{"href":"https:\/\/agora.xtec.cat\/escolamestralvilanova\/wp-json\/wp\/v2\/types\/post"}],"author":[{"embeddable":true,"href":"https:\/\/agora.xtec.cat\/escolamestralvilanova\/wp-json\/wp\/v2\/users\/1"}],"replies":[{"embeddable":true,"href":"https:\/\/agora.xtec.cat\/escolamestralvilanova\/wp-json\/wp\/v2\/comments?post=1157"}],"version-history":[{"count":1,"href":"https:\/\/agora.xtec.cat\/escolamestralvilanova\/wp-json\/wp\/v2\/posts\/1157\/revisions"}],"predecessor-version":[{"id":1159,"href":"https:\/\/agora.xtec.cat\/escolamestralvilanova\/wp-json\/wp\/v2\/posts\/1157\/revisions\/1159"}],"wp:attachment":[{"href":"https:\/\/agora.xtec.cat\/escolamestralvilanova\/wp-json\/wp\/v2\/media?parent=1157"}],"wp:term":[{"taxonomy":"category","embeddable":true,"href":"https:\/\/agora.xtec.cat\/escolamestralvilanova\/wp-json\/wp\/v2\/categories?post=1157"},{"taxonomy":"post_tag","embeddable":true,"href":"https:\/\/agora.xtec.cat\/escolamestralvilanova\/wp-json\/wp\/v2\/tags?post=1157"}],"curies":[{"name":"wp","href":"https:\/\/api.w.org\/{rel}","templated":true}]}}