{"id":1154,"date":"2019-02-08T13:48:35","date_gmt":"2019-02-08T12:48:35","guid":{"rendered":"http:\/\/agora.xtec.cat\/escolamestralvilanova\/?p=1154"},"modified":"2019-02-08T13:58:41","modified_gmt":"2019-02-08T12:58:41","slug":"avui-ens-visita-el-pare-del-nil-i-el-sergi","status":"publish","type":"post","link":"https:\/\/agora.xtec.cat\/escolamestralvilanova\/portada\/avui-ens-visita-el-pare-del-nil-i-el-sergi\/","title":{"rendered":"AVUI ENS VISITA EL PARE DEL NIL I EL SERGI"},"content":{"rendered":"<p>Seguint el projecte d&#8217;emprenedoria de l&#8217;aula de Cicle Superior, durant el mat\u00ed d&#8217;avui, el pare del Nil i el Sergi ens ha visitat a fi d&#8217;explicar-nos la seva feina.<\/p>\n<p>Ens agrada molt poder comprovar in situ com els nostres pares es van iniciar en els seus oficis, aix\u00ed com escoltar els seus consells i les seves viv\u00e8ncies. Tanmateix, nosaltres a mesura que escoltem les seves explicacions anem anotant tota aquella informaci\u00f3 que trobem m\u00e9s rellevant per tal de poder fer un recull.<\/p>\n<p>L&#8217;objectiu final de totes aquestes visites no \u00e9s altre que agafar idees per poder crear la nostra pr\u00f2pia empresa i elaborar un producte propi.<\/p>\n<p>Ens est\u00e0 agradant molt, al temps que estem aprenent molt\u00edssim escoltant als nostres familiars.<\/p>\n<ul>\n<li><a href=\"https:\/\/photos.app.goo.gl\/o2CRoMgtbBHfhvgHA\">ENLLA\u00c7 A LES FOTOGRAFIES<\/a><\/li>\n<\/ul>\n<p><a href=\"https:\/\/agora.xtec.cat\/escolamestralvilanova\/wp-content\/uploads\/usu729\/2019\/02\/FOTO-PARE-SOLSONA.jpg\"><img loading=\"lazy\" decoding=\"async\" class=\"alignnone size-medium wp-image-1160\" src=\"https:\/\/agora.xtec.cat\/escolamestralvilanova\/wp-content\/uploads\/usu729\/2019\/02\/FOTO-PARE-SOLSONA-300x225.jpg\" alt=\"\" width=\"300\" height=\"225\" srcset=\"https:\/\/agora.xtec.cat\/escolamestralvilanova\/wp-content\/uploads\/usu729\/2019\/02\/FOTO-PARE-SOLSONA-300x225.jpg 300w, https:\/\/agora.xtec.cat\/escolamestralvilanova\/wp-content\/uploads\/usu729\/2019\/02\/FOTO-PARE-SOLSONA-768x576.jpg 768w, https:\/\/agora.xtec.cat\/escolamestralvilanova\/wp-content\/uploads\/usu729\/2019\/02\/FOTO-PARE-SOLSONA-1024x768.jpg 1024w, https:\/\/agora.xtec.cat\/escolamestralvilanova\/wp-content\/uploads\/usu729\/2019\/02\/FOTO-PARE-SOLSONA-200x150.jpg 200w\" sizes=\"auto, (max-width: 300px) 100vw, 300px\" \/><\/a><\/p>\n","protected":false},"excerpt":{"rendered":"<p>Seguint el projecte d&#8217;emprenedoria de l&#8217;aula de Cicle Superior, durant el mat\u00ed d&#8217;avui, el pare del Nil i el Sergi ens ha visitat a fi d&#8217;explicar-nos la seva feina.<br \/>\nEns agrada molt poder comprovar in situ com els nostres pares es van iniciar en els seus&hellip;  <a href=\"https:\/\/agora.xtec.cat\/escolamestralvilanova\/portada\/avui-ens-visita-el-pare-del-nil-i-el-sergi\/\" title=\"Read AVUI ENS VISITA EL PARE DEL NIL I EL SERGI\">Llegeix m\u00e9s\u00bb<\/a><\/p>\n","protected":false},"author":1,"featured_media":0,"comment_status":"open","ping_status":"closed","sticky":false,"template":"","format":"standard","meta":{"_bbp_topic_count":0,"_bbp_reply_count":0,"_bbp_total_topic_count":0,"_bbp_total_reply_count":0,"_bbp_voice_count":0,"_bbp_anonymous_reply_count":0,"_bbp_topic_count_hidden":0,"_bbp_reply_count_hidden":0,"_bbp_forum_subforum_count":0,"footnotes":""},"categories":[15,54,57,4,5],"tags":[],"class_list":["post-1154","post","type-post","status-publish","format-standard","hentry","category-cicle-superior","category-fer","category-espai-families","category-portada","category-primaria"],"post_mailing_queue_ids":[],"_links":{"self":[{"href":"https:\/\/agora.xtec.cat\/escolamestralvilanova\/wp-json\/wp\/v2\/posts\/1154","targetHints":{"allow":["GET"]}}],"collection":[{"href":"https:\/\/agora.xtec.cat\/escolamestralvilanova\/wp-json\/wp\/v2\/posts"}],"about":[{"href":"https:\/\/agora.xtec.cat\/escolamestralvilanova\/wp-json\/wp\/v2\/types\/post"}],"author":[{"embeddable":true,"href":"https:\/\/agora.xtec.cat\/escolamestralvilanova\/wp-json\/wp\/v2\/users\/1"}],"replies":[{"embeddable":true,"href":"https:\/\/agora.xtec.cat\/escolamestralvilanova\/wp-json\/wp\/v2\/comments?post=1154"}],"version-history":[{"count":3,"href":"https:\/\/agora.xtec.cat\/escolamestralvilanova\/wp-json\/wp\/v2\/posts\/1154\/revisions"}],"predecessor-version":[{"id":1162,"href":"https:\/\/agora.xtec.cat\/escolamestralvilanova\/wp-json\/wp\/v2\/posts\/1154\/revisions\/1162"}],"wp:attachment":[{"href":"https:\/\/agora.xtec.cat\/escolamestralvilanova\/wp-json\/wp\/v2\/media?parent=1154"}],"wp:term":[{"taxonomy":"category","embeddable":true,"href":"https:\/\/agora.xtec.cat\/escolamestralvilanova\/wp-json\/wp\/v2\/categories?post=1154"},{"taxonomy":"post_tag","embeddable":true,"href":"https:\/\/agora.xtec.cat\/escolamestralvilanova\/wp-json\/wp\/v2\/tags?post=1154"}],"curies":[{"name":"wp","href":"https:\/\/api.w.org\/{rel}","templated":true}]}}