{"id":1117,"date":"2019-02-01T19:36:54","date_gmt":"2019-02-01T18:36:54","guid":{"rendered":"http:\/\/agora.xtec.cat\/escolamestralvilanova\/?p=1117"},"modified":"2019-02-05T20:03:59","modified_gmt":"2019-02-05T19:03:59","slug":"bebe-reborn","status":"publish","type":"post","link":"https:\/\/agora.xtec.cat\/escolamestralvilanova\/infantil\/bebe-reborn\/","title":{"rendered":"BEB\u00c9 REBORN"},"content":{"rendered":"<p>El m\u00e9s semblant a quan nosaltres \u00e9rem petits&#8230; UN BEB\u00c9 REBORN!<\/p>\n<p>Com activitat pr\u00e8via i de motivaci\u00f3 per a la posterior activitat en qu\u00e8 cada alumne haur\u00e0 de fer una\u00a0 exposici\u00f3 oral\u00a0 sobre el tema &#8220;Quan jo era petit&#8230;&#8221;, hem pogut experimentar amb el m\u00e9s semblant a un beb\u00e9 de veritat: UN BEB\u00c9 REBORN!!!<\/p>\n<p>Tots hem quedat impressionats&#8230;<\/p>\n<ul>\n<li><a href=\"https:\/\/photos.google.com\/share\/AF1QipOrGkM_U80MIdNVdz56hVUC4WThB7dEc6BzphScVenT9Z8zEE1HSEgd9Kuv9Kj_Rg?key=bmxGTVpsZkJTcmNHTERHdTRBX0pTMlZXRXBZMndR\">ENLLA\u00c7 A LES FOTOGRAFIES<\/a><\/li>\n<\/ul>\n<p><a href=\"https:\/\/agora.xtec.cat\/escolamestralvilanova\/wp-content\/uploads\/usu729\/2019\/02\/IMG_20190201_0950451.jpg\"><img loading=\"lazy\" decoding=\"async\" class=\"size-medium wp-image-1133\" src=\"https:\/\/agora.xtec.cat\/escolamestralvilanova\/wp-content\/uploads\/usu729\/2019\/02\/IMG_20190201_0950451-300x225.jpg\" alt=\"\" width=\"300\" height=\"225\" srcset=\"https:\/\/agora.xtec.cat\/escolamestralvilanova\/wp-content\/uploads\/usu729\/2019\/02\/IMG_20190201_0950451-300x225.jpg 300w, https:\/\/agora.xtec.cat\/escolamestralvilanova\/wp-content\/uploads\/usu729\/2019\/02\/IMG_20190201_0950451-768x576.jpg 768w, https:\/\/agora.xtec.cat\/escolamestralvilanova\/wp-content\/uploads\/usu729\/2019\/02\/IMG_20190201_0950451-1024x768.jpg 1024w, https:\/\/agora.xtec.cat\/escolamestralvilanova\/wp-content\/uploads\/usu729\/2019\/02\/IMG_20190201_0950451-200x150.jpg 200w, https:\/\/agora.xtec.cat\/escolamestralvilanova\/wp-content\/uploads\/usu729\/2019\/02\/IMG_20190201_0950451.jpg 2000w\" sizes=\"auto, (max-width: 300px) 100vw, 300px\" \/><\/a><\/p>\n","protected":false},"excerpt":{"rendered":"<p>El m\u00e9s semblant a quan nosaltres \u00e9rem petits&#8230; UN BEB\u00c9 REBORN!<br \/>\nCom activitat pr\u00e8via i de motivaci\u00f3 per a la posterior activitat en qu\u00e8 cada alumne haur\u00e0 de fer una\u00a0 exposici\u00f3 oral\u00a0 sobre el tema &#8220;Quan jo era petit&#8230;&#8221;, hem pogut experimentar amb el m\u00e9s semblant&hellip;  <a href=\"https:\/\/agora.xtec.cat\/escolamestralvilanova\/infantil\/bebe-reborn\/\" title=\"Read BEB\u00c9 REBORN\">Llegeix m\u00e9s\u00bb<\/a><\/p>\n","protected":false},"author":1,"featured_media":0,"comment_status":"open","ping_status":"closed","sticky":false,"template":"","format":"standard","meta":{"_bbp_topic_count":0,"_bbp_reply_count":0,"_bbp_total_topic_count":0,"_bbp_total_reply_count":0,"_bbp_voice_count":0,"_bbp_anonymous_reply_count":0,"_bbp_topic_count_hidden":0,"_bbp_reply_count_hidden":0,"_bbp_forum_subforum_count":0,"footnotes":""},"categories":[8,2,4],"tags":[],"class_list":["post-1117","post","type-post","status-publish","format-standard","hentry","category-ei4","category-infantil","category-portada"],"post_mailing_queue_ids":[],"_links":{"self":[{"href":"https:\/\/agora.xtec.cat\/escolamestralvilanova\/wp-json\/wp\/v2\/posts\/1117","targetHints":{"allow":["GET"]}}],"collection":[{"href":"https:\/\/agora.xtec.cat\/escolamestralvilanova\/wp-json\/wp\/v2\/posts"}],"about":[{"href":"https:\/\/agora.xtec.cat\/escolamestralvilanova\/wp-json\/wp\/v2\/types\/post"}],"author":[{"embeddable":true,"href":"https:\/\/agora.xtec.cat\/escolamestralvilanova\/wp-json\/wp\/v2\/users\/1"}],"replies":[{"embeddable":true,"href":"https:\/\/agora.xtec.cat\/escolamestralvilanova\/wp-json\/wp\/v2\/comments?post=1117"}],"version-history":[{"count":3,"href":"https:\/\/agora.xtec.cat\/escolamestralvilanova\/wp-json\/wp\/v2\/posts\/1117\/revisions"}],"predecessor-version":[{"id":1137,"href":"https:\/\/agora.xtec.cat\/escolamestralvilanova\/wp-json\/wp\/v2\/posts\/1117\/revisions\/1137"}],"wp:attachment":[{"href":"https:\/\/agora.xtec.cat\/escolamestralvilanova\/wp-json\/wp\/v2\/media?parent=1117"}],"wp:term":[{"taxonomy":"category","embeddable":true,"href":"https:\/\/agora.xtec.cat\/escolamestralvilanova\/wp-json\/wp\/v2\/categories?post=1117"},{"taxonomy":"post_tag","embeddable":true,"href":"https:\/\/agora.xtec.cat\/escolamestralvilanova\/wp-json\/wp\/v2\/tags?post=1117"}],"curies":[{"name":"wp","href":"https:\/\/api.w.org\/{rel}","templated":true}]}}