{"id":1110,"date":"2019-01-29T19:32:23","date_gmt":"2019-01-29T18:32:23","guid":{"rendered":"http:\/\/agora.xtec.cat\/escolamestralvilanova\/?p=1110"},"modified":"2019-02-05T20:04:24","modified_gmt":"2019-02-05T19:04:24","slug":"visita-al-bibliobus","status":"publish","type":"post","link":"https:\/\/agora.xtec.cat\/escolamestralvilanova\/infantil\/visita-al-bibliobus\/","title":{"rendered":"VISITA AL BIBLIOB\u00daS"},"content":{"rendered":"<p>El passat dilluns 28 de gener els alumnes d&#8217;Educaci\u00f3 Infantil vam visitar el Bibliob\u00fas.<\/p>\n<p>Cada cop estem m\u00e9s motivats per llegir; i el Bibliob\u00fas ens ofereix un entorn diferent i engrescador!!<\/p>\n<p>Ens va agradar molt poder visitar-lo!<\/p>\n<ul>\n<li><a href=\"https:\/\/photos.google.com\/share\/AF1QipPwHj52yi7ASWbW1_Q8Cg18OdQU9aCC_W1lBrp7KNwnGf7_NUUwdv7EuaVjPsJRKg?key=ZUViMmhoVi1UNzJJckUxamJKdjNTdS0tdUxaNFdn\">ENLLA\u00c7 A LES FOTOGRAFIES<\/a><\/li>\n<\/ul>\n<p><a href=\"https:\/\/agora.xtec.cat\/escolamestralvilanova\/wp-content\/uploads\/usu729\/2019\/02\/IMG_20190128_152950.jpg\"><img loading=\"lazy\" decoding=\"async\" class=\"size-medium wp-image-1132\" src=\"https:\/\/agora.xtec.cat\/escolamestralvilanova\/wp-content\/uploads\/usu729\/2019\/02\/IMG_20190128_152950-300x225.jpg\" alt=\"\" width=\"300\" height=\"225\" srcset=\"https:\/\/agora.xtec.cat\/escolamestralvilanova\/wp-content\/uploads\/usu729\/2019\/02\/IMG_20190128_152950-300x225.jpg 300w, https:\/\/agora.xtec.cat\/escolamestralvilanova\/wp-content\/uploads\/usu729\/2019\/02\/IMG_20190128_152950-768x576.jpg 768w, https:\/\/agora.xtec.cat\/escolamestralvilanova\/wp-content\/uploads\/usu729\/2019\/02\/IMG_20190128_152950-1024x768.jpg 1024w, https:\/\/agora.xtec.cat\/escolamestralvilanova\/wp-content\/uploads\/usu729\/2019\/02\/IMG_20190128_152950-200x150.jpg 200w, https:\/\/agora.xtec.cat\/escolamestralvilanova\/wp-content\/uploads\/usu729\/2019\/02\/IMG_20190128_152950.jpg 2000w\" sizes=\"auto, (max-width: 300px) 100vw, 300px\" \/><\/a><\/p>\n","protected":false},"excerpt":{"rendered":"<p>El passat dilluns 28 de gener els alumnes d&#8217;Educaci\u00f3 Infantil vam visitar el Bibliob\u00fas.<br \/>\nCada cop estem m\u00e9s motivats per llegir; i el Bibliob\u00fas ens ofereix un entorn diferent i engrescador!!<br \/>\nEns va agradar molt poder visitar-lo!<\/p>\n<ul>\n<li><a href=\"https:\/\/photos.google.com\/share\/AF1QipPwHj52yi7ASWbW1_Q8Cg18OdQU9aCC_W1lBrp7KNwnGf7_NUUwdv7EuaVjPsJRKg?key=ZUViMmhoVi1UNzJJckUxamJKdjNTdS0tdUxaNFdn\">ENLLA\u00c7 A LES FOTOGRAFIES<\/a><\/li>\n<\/ul>\n<p><a href=\"https:\/\/agora.xtec.cat\/escolamestralvilanova\/wp-content\/uploads\/usu729\/2019\/02\/IMG_20190128_152950.jpg\"><\/a><\/p>\n","protected":false},"author":1,"featured_media":0,"comment_status":"open","ping_status":"closed","sticky":false,"template":"","format":"standard","meta":{"_bbp_topic_count":0,"_bbp_reply_count":0,"_bbp_total_topic_count":0,"_bbp_total_reply_count":0,"_bbp_voice_count":0,"_bbp_anonymous_reply_count":0,"_bbp_topic_count_hidden":0,"_bbp_reply_count_hidden":0,"_bbp_forum_subforum_count":0,"footnotes":""},"categories":[3,14,8,9,2,52,4],"tags":[],"class_list":["post-1110","post","type-post","status-publish","format-standard","hentry","category-ei3-ei4-ei5","category-ei1-ei2","category-ei4","category-ei5","category-infantil","category-llegim","category-portada"],"post_mailing_queue_ids":[],"_links":{"self":[{"href":"https:\/\/agora.xtec.cat\/escolamestralvilanova\/wp-json\/wp\/v2\/posts\/1110","targetHints":{"allow":["GET"]}}],"collection":[{"href":"https:\/\/agora.xtec.cat\/escolamestralvilanova\/wp-json\/wp\/v2\/posts"}],"about":[{"href":"https:\/\/agora.xtec.cat\/escolamestralvilanova\/wp-json\/wp\/v2\/types\/post"}],"author":[{"embeddable":true,"href":"https:\/\/agora.xtec.cat\/escolamestralvilanova\/wp-json\/wp\/v2\/users\/1"}],"replies":[{"embeddable":true,"href":"https:\/\/agora.xtec.cat\/escolamestralvilanova\/wp-json\/wp\/v2\/comments?post=1110"}],"version-history":[{"count":3,"href":"https:\/\/agora.xtec.cat\/escolamestralvilanova\/wp-json\/wp\/v2\/posts\/1110\/revisions"}],"predecessor-version":[{"id":1138,"href":"https:\/\/agora.xtec.cat\/escolamestralvilanova\/wp-json\/wp\/v2\/posts\/1110\/revisions\/1138"}],"wp:attachment":[{"href":"https:\/\/agora.xtec.cat\/escolamestralvilanova\/wp-json\/wp\/v2\/media?parent=1110"}],"wp:term":[{"taxonomy":"category","embeddable":true,"href":"https:\/\/agora.xtec.cat\/escolamestralvilanova\/wp-json\/wp\/v2\/categories?post=1110"},{"taxonomy":"post_tag","embeddable":true,"href":"https:\/\/agora.xtec.cat\/escolamestralvilanova\/wp-json\/wp\/v2\/tags?post=1110"}],"curies":[{"name":"wp","href":"https:\/\/api.w.org\/{rel}","templated":true}]}}