{"id":10591,"date":"2026-04-29T20:00:37","date_gmt":"2026-04-29T18:00:37","guid":{"rendered":"https:\/\/agora.xtec.cat\/escolamestralvilanova\/?p=10591"},"modified":"2026-04-29T20:13:31","modified_gmt":"2026-04-29T18:13:31","slug":"colonies-a-les-obagues","status":"publish","type":"post","link":"https:\/\/agora.xtec.cat\/escolamestralvilanova\/infantil\/colonies-a-les-obagues\/","title":{"rendered":"COL\u00d2NIES A LES OBAGUES"},"content":{"rendered":"<p>Els dies 29 i 30 d&#8217;abril, els i les alumnes d&#8217;Educaci\u00f3 Infantil i Cicle Inicial hem anat de col\u00f2nies de ZER a &#8220;Les Obagues&#8221;.<\/p>\n<ul>\n<li><a href=\"https:\/\/photos.app.goo.gl\/XJZW8AScUpVyBpc78\">ENLLA\u00c7 A LES FOTOGRAFIES<\/a><\/li>\n<\/ul>\n<p><a href=\"https:\/\/photos.app.goo.gl\/XJZW8AScUpVyBpc78\"><img loading=\"lazy\" decoding=\"async\" class=\"alignnone size-medium wp-image-10592\" src=\"https:\/\/agora.xtec.cat\/escolamestralvilanova\/wp-content\/uploads\/usu729\/2026\/04\/VIDEO-COLONIE-ed.-infantil-CICLE-INICIAL-300x169.png\" alt=\"\" width=\"300\" height=\"169\" srcset=\"https:\/\/agora.xtec.cat\/escolamestralvilanova\/wp-content\/uploads\/usu729\/2026\/04\/VIDEO-COLONIE-ed.-infantil-CICLE-INICIAL-300x169.png 300w, https:\/\/agora.xtec.cat\/escolamestralvilanova\/wp-content\/uploads\/usu729\/2026\/04\/VIDEO-COLONIE-ed.-infantil-CICLE-INICIAL-1024x576.png 1024w, https:\/\/agora.xtec.cat\/escolamestralvilanova\/wp-content\/uploads\/usu729\/2026\/04\/VIDEO-COLONIE-ed.-infantil-CICLE-INICIAL-768x432.png 768w, https:\/\/agora.xtec.cat\/escolamestralvilanova\/wp-content\/uploads\/usu729\/2026\/04\/VIDEO-COLONIE-ed.-infantil-CICLE-INICIAL-1536x864.png 1536w, https:\/\/agora.xtec.cat\/escolamestralvilanova\/wp-content\/uploads\/usu729\/2026\/04\/VIDEO-COLONIE-ed.-infantil-CICLE-INICIAL.png 1920w\" sizes=\"auto, (max-width: 300px) 100vw, 300px\" \/><\/a><\/p>\n","protected":false},"excerpt":{"rendered":"<p>Els dies 29 i 30 d&#8217;abril, els i les alumnes d&#8217;Educaci\u00f3 Infantil i Cicle Inicial hem anat de col\u00f2nies de ZER a &#8220;Les Obagues&#8221;.<\/p>\n<ul>\n<li><a href=\"https:\/\/photos.app.goo.gl\/XJZW8AScUpVyBpc78\">ENLLA\u00c7 A LES FOTOGRAFIES<\/a><\/li>\n<\/ul>\n<p><a href=\"https:\/\/photos.app.goo.gl\/XJZW8AScUpVyBpc78\"><\/a><\/p>\n","protected":false},"author":1,"featured_media":0,"comment_status":"open","ping_status":"open","sticky":false,"template":"","format":"standard","meta":{"_bbp_topic_count":0,"_bbp_reply_count":0,"_bbp_total_topic_count":0,"_bbp_total_reply_count":0,"_bbp_voice_count":0,"_bbp_anonymous_reply_count":0,"_bbp_topic_count_hidden":0,"_bbp_reply_count_hidden":0,"_bbp_forum_subforum_count":0,"footnotes":""},"categories":[2,4],"tags":[],"class_list":["post-10591","post","type-post","status-publish","format-standard","hentry","category-infantil","category-portada"],"post_mailing_queue_ids":[],"_links":{"self":[{"href":"https:\/\/agora.xtec.cat\/escolamestralvilanova\/wp-json\/wp\/v2\/posts\/10591","targetHints":{"allow":["GET"]}}],"collection":[{"href":"https:\/\/agora.xtec.cat\/escolamestralvilanova\/wp-json\/wp\/v2\/posts"}],"about":[{"href":"https:\/\/agora.xtec.cat\/escolamestralvilanova\/wp-json\/wp\/v2\/types\/post"}],"author":[{"embeddable":true,"href":"https:\/\/agora.xtec.cat\/escolamestralvilanova\/wp-json\/wp\/v2\/users\/1"}],"replies":[{"embeddable":true,"href":"https:\/\/agora.xtec.cat\/escolamestralvilanova\/wp-json\/wp\/v2\/comments?post=10591"}],"version-history":[{"count":1,"href":"https:\/\/agora.xtec.cat\/escolamestralvilanova\/wp-json\/wp\/v2\/posts\/10591\/revisions"}],"predecessor-version":[{"id":10593,"href":"https:\/\/agora.xtec.cat\/escolamestralvilanova\/wp-json\/wp\/v2\/posts\/10591\/revisions\/10593"}],"wp:attachment":[{"href":"https:\/\/agora.xtec.cat\/escolamestralvilanova\/wp-json\/wp\/v2\/media?parent=10591"}],"wp:term":[{"taxonomy":"category","embeddable":true,"href":"https:\/\/agora.xtec.cat\/escolamestralvilanova\/wp-json\/wp\/v2\/categories?post=10591"},{"taxonomy":"post_tag","embeddable":true,"href":"https:\/\/agora.xtec.cat\/escolamestralvilanova\/wp-json\/wp\/v2\/tags?post=10591"}],"curies":[{"name":"wp","href":"https:\/\/api.w.org\/{rel}","templated":true}]}}