{"id":10570,"date":"2026-04-24T12:50:21","date_gmt":"2026-04-24T10:50:21","guid":{"rendered":"https:\/\/agora.xtec.cat\/escolamestralvilanova\/?p=10570"},"modified":"2026-04-24T12:50:43","modified_gmt":"2026-04-24T10:50:43","slug":"sant-jordi26-mercat-de-primavera","status":"publish","type":"post","link":"https:\/\/agora.xtec.cat\/escolamestralvilanova\/general\/sant-jordi26-mercat-de-primavera\/","title":{"rendered":"SANT JORDI26: MERCAT DE PRIMAVERA"},"content":{"rendered":"<p>Arribada la\u00a0Primavera, \u00e9s el moment de preparar una nova edici\u00f3 del mercat de l\u2019escola, \u00e9s per aquest motiu que al llarg dels darrers dies\u00a0tots els i les alumnes hem estat confeccionat un producte per ser venut.<\/p>\n<p><strong>Aix\u00ed, avui divendres 24 d\u2019abril, a partir de les 16 hores, es posaran a la venta ametlles garapinyades a un preu de 2\u20ac al pati de l\u2019escola.<\/strong><\/p>\n<p>La recaptaci\u00f3 es destinar\u00e0 a la subvenci\u00f3\u00a0d\u2019activitats pedag\u00f2giques que es realitzin al llarg\u00a0del\u00a0curs.<\/p>\n<ul>\n<li><a href=\"https:\/\/photos.app.goo.gl\/oE5mh7z4xVX5Ns9bA\">ENLLA\u00c7 A LES FOTOGRAFIES DE LA SEVA ELABORACI\u00d3<\/a><\/li>\n<li><a href=\"https:\/\/photos.app.goo.gl\/7gogZKqiEr6sBYfF9\">ENLLA\u00c7 AL PREG\u00d3<\/a><\/li>\n<\/ul>\n<p><a href=\"https:\/\/agora.xtec.cat\/escolamestralvilanova\/wp-content\/uploads\/usu729\/2026\/04\/prego.png\"><img loading=\"lazy\" decoding=\"async\" class=\"alignnone size-medium wp-image-10580\" src=\"https:\/\/agora.xtec.cat\/escolamestralvilanova\/wp-content\/uploads\/usu729\/2026\/04\/prego-300x159.png\" alt=\"\" width=\"300\" height=\"159\" srcset=\"https:\/\/agora.xtec.cat\/escolamestralvilanova\/wp-content\/uploads\/usu729\/2026\/04\/prego-300x159.png 300w, https:\/\/agora.xtec.cat\/escolamestralvilanova\/wp-content\/uploads\/usu729\/2026\/04\/prego-768x406.png 768w, https:\/\/agora.xtec.cat\/escolamestralvilanova\/wp-content\/uploads\/usu729\/2026\/04\/prego.png 979w\" sizes=\"auto, (max-width: 300px) 100vw, 300px\" \/><\/a><\/p>\n","protected":false},"excerpt":{"rendered":"<p>Arribada la\u00a0Primavera, \u00e9s el moment de preparar una nova edici\u00f3 del mercat de l\u2019escola, \u00e9s per aquest motiu que al llarg dels darrers dies\u00a0tots els i les alumnes hem estat confeccionat un producte per ser venut.<br \/>\nAix\u00ed, avui divendres 24 d\u2019abril, a partir de les 16&hellip;  <a href=\"https:\/\/agora.xtec.cat\/escolamestralvilanova\/general\/sant-jordi26-mercat-de-primavera\/\" title=\"Read SANT JORDI26: MERCAT DE PRIMAVERA\">Llegeix m\u00e9s\u00bb<\/a><\/p>\n","protected":false},"author":1,"featured_media":0,"comment_status":"open","ping_status":"open","sticky":false,"template":"","format":"standard","meta":{"_bbp_topic_count":0,"_bbp_reply_count":0,"_bbp_total_topic_count":0,"_bbp_total_reply_count":0,"_bbp_voice_count":0,"_bbp_anonymous_reply_count":0,"_bbp_topic_count_hidden":0,"_bbp_reply_count_hidden":0,"_bbp_forum_subforum_count":0,"footnotes":""},"categories":[1,2,4,5],"tags":[],"class_list":["post-10570","post","type-post","status-publish","format-standard","hentry","category-general","category-infantil","category-portada","category-primaria"],"post_mailing_queue_ids":[],"_links":{"self":[{"href":"https:\/\/agora.xtec.cat\/escolamestralvilanova\/wp-json\/wp\/v2\/posts\/10570","targetHints":{"allow":["GET"]}}],"collection":[{"href":"https:\/\/agora.xtec.cat\/escolamestralvilanova\/wp-json\/wp\/v2\/posts"}],"about":[{"href":"https:\/\/agora.xtec.cat\/escolamestralvilanova\/wp-json\/wp\/v2\/types\/post"}],"author":[{"embeddable":true,"href":"https:\/\/agora.xtec.cat\/escolamestralvilanova\/wp-json\/wp\/v2\/users\/1"}],"replies":[{"embeddable":true,"href":"https:\/\/agora.xtec.cat\/escolamestralvilanova\/wp-json\/wp\/v2\/comments?post=10570"}],"version-history":[{"count":2,"href":"https:\/\/agora.xtec.cat\/escolamestralvilanova\/wp-json\/wp\/v2\/posts\/10570\/revisions"}],"predecessor-version":[{"id":10581,"href":"https:\/\/agora.xtec.cat\/escolamestralvilanova\/wp-json\/wp\/v2\/posts\/10570\/revisions\/10581"}],"wp:attachment":[{"href":"https:\/\/agora.xtec.cat\/escolamestralvilanova\/wp-json\/wp\/v2\/media?parent=10570"}],"wp:term":[{"taxonomy":"category","embeddable":true,"href":"https:\/\/agora.xtec.cat\/escolamestralvilanova\/wp-json\/wp\/v2\/categories?post=10570"},{"taxonomy":"post_tag","embeddable":true,"href":"https:\/\/agora.xtec.cat\/escolamestralvilanova\/wp-json\/wp\/v2\/tags?post=10570"}],"curies":[{"name":"wp","href":"https:\/\/api.w.org\/{rel}","templated":true}]}}