{"id":10545,"date":"2026-04-22T16:05:04","date_gmt":"2026-04-22T14:05:04","guid":{"rendered":"https:\/\/agora.xtec.cat\/escolamestralvilanova\/?p=10545"},"modified":"2026-04-22T16:09:43","modified_gmt":"2026-04-22T14:09:43","slug":"sant-jordi-2026","status":"publish","type":"post","link":"https:\/\/agora.xtec.cat\/escolamestralvilanova\/portada\/sant-jordi-2026\/","title":{"rendered":"SANT JORDI 2026"},"content":{"rendered":"<p style=\"font-weight: 400; text-align: justify;\">S&#8217;acosta\u00a0Sant Jordi\u00a0i ens fa molta il\u00b7lusi\u00f3 compartir amb vosaltres la planificaci\u00f3 de les activitats que tenim preparades per la setmana de\u00a0Sant Jordi.<\/p>\n<p style=\"font-weight: 400; text-align: justify;\"><span style=\"color: #ff0000;\"><strong>ESS\u00c8NCIES D\u2019\u00c0FRICA<\/strong><\/span><\/p>\n<p style=\"font-weight: 400; text-align: justify;\">Els dies 21 i 22 visitarem l\u2019exposici\u00f3 \u201cEss\u00e8ncies d\u2019\u00c0frica\u201d que es troba a l\u2019esgl\u00e9sia vella.<\/p>\n<p style=\"font-weight: 400; text-align: justify;\"><span style=\"color: #99cc00;\"><strong>\u201cCONTA\u2019M UN CONTE\u201d<\/strong>\u00a0<\/span><\/p>\n<p style=\"font-weight: 400; text-align: justify;\">Com ja sabeu&#8230;, ens agraden molt els contes! Per aix\u00f2,\u00a0<strong>durant el dimecres 22 i dijous 23,<\/strong>\u00a0fam\u00edlies volunt\u00e0ries, aprenents de l\u2019escola i mestres ens explicaran contes als diferents grups de l\u2019escola.<\/p>\n<p style=\"font-weight: 400; text-align: justify;\"><strong><span style=\"color: #ffcc00;\">LA REVISCOLA<\/span>\u00a0<\/strong><\/p>\n<p style=\"font-weight: 400; text-align: justify;\">La revista de l\u2019escola, \u201cLa Reviscola\u201d, arriba ja a la seva VI edici\u00f3 dedicada a la cultura i les tradicions del nostre poble. A trav\u00e9s dels diferents articles,\u00a0s&#8217;ha fet un recorregut per la seva hist\u00f2ria i les seves festes i costums m\u00e9s destacats.<\/p>\n<p style=\"font-weight: 400; text-align: justify;\">L\u2019alumnat i la comunitat educativa hi han\u00a0participat\u00a0aportant diverses perspectives, com treballs, entrevistes i experi\u00e8ncies personals.<\/p>\n<p style=\"font-weight: 400; text-align: justify;\">Aix\u00ed, la nostra revista s&#8217;esdevindr\u00e0\u00a0en\u00a0un espai per con\u00e8ixer, valorar i preservar la identitat del nostre poble.<\/p>\n<p style=\"font-weight: 400; text-align: justify;\">Esperem que us agradi!<\/p>\n<p style=\"font-weight: 400; text-align: justify;\"><span style=\"color: #99cc00;\"><strong>CERCAVILA<\/strong><\/span><\/p>\n<p style=\"font-weight: 400; text-align: justify;\"><strong>El divendres 24, a partir de les 15:30 h, celebrarem una cercavila al pati de l\u2019escola<\/strong>\u00a0amb els grallers i els gegants del poble. Ser\u00e0 una tarda plena de m\u00fasica, alegria i tradici\u00f3 que volem compartir amb tots vosaltres.<\/p>\n<p style=\"font-weight: 400; text-align: justify;\">Ens far\u00e0 molta il\u00b7lusi\u00f3 comptar amb la vostra pres\u00e8ncia i que ens acompanyeu en aquesta activitat tan especial!<\/p>\n<p style=\"font-weight: 400; text-align: justify;\"><span style=\"color: #ff0000;\"><strong>MERCAT DE\u00a0PRIMAVERA<\/strong><\/span><\/p>\n<p style=\"font-weight: 400; text-align: justify;\">Arribada la Primavera, \u00e9s el moment de preparar una nova edici\u00f3 del mercat de l\u2019escola. Al llarg dels darrers dies tots els i les alumnes hem estat confeccionat un producte:\u00a0<strong>ametlles garapinyades<\/strong>.<\/p>\n<p style=\"font-weight: 400; text-align: justify;\">Aix\u00ed,\u00a0<strong>el divendres 2<\/strong><strong>4 d&#8217;abril, a partir de les 16 hores, es posaran a la venta a un preu de 2<\/strong><strong>\u20ac.<\/strong><\/p>\n<p style=\"font-weight: 400; text-align: justify;\">\u00a0________________________________<\/p>\n<p style=\"font-weight: 400; text-align: justify;\">Aprofitem el correu per informar que l<strong>&#8216;AFA de l&#8217;escola i de la Llar<\/strong>\u00a0tamb\u00e9 ha organitzat un seguit d&#8217;activitats:<\/p>\n<p style=\"font-weight: 400; text-align: justify;\"><span style=\"color: #99cc00;\"><strong>VENTA DE LLIBRES I ROSES<\/strong><\/span><\/p>\n<p style=\"font-weight: 400; text-align: justify;\">El mateix dia de\u00a0Sant Jordi,\u00a0<strong>el dijous 23 d\u2019abril,<\/strong>\u00a0des de les 8 hores i durant tot el mat\u00ed, vendran roses i llibres al carrer Carretera C-13 (davant del Bon \u00c0rea).<\/p>\n<p style=\"font-weight: 400; text-align: justify;\">A la tarda la parada de llibres la podreu trobar al pati de l&#8217;escola.<\/p>\n<p style=\"font-weight: 400; text-align: justify;\"><span style=\"color: #ffcc00;\"><strong>CONTA CONTES<\/strong><\/span><\/p>\n<p style=\"font-weight: 400; text-align: justify;\">El\u00a0<strong>divendres 24 d&#8217;abril de 9 a 11 hores,<\/strong>\u00a0vindr\u00e0 una conta contes a explicar\u00a0 a tots els infants de l\u2019escola la hist\u00f2ria\u00a0titulada &#8220;La pirata rogenca&#8221;.<\/p>\n<p style=\"font-weight: 400; text-align: justify;\"><span style=\"color: #99cc00;\"><strong>DISSABTE 25 D&#8217;ABRIL (TARDA)<\/strong><\/span><\/p>\n<p style=\"font-weight: 400; text-align: justify;\">El\u00a0<strong>dissabte 25 d&#8217;abril, a partir de les 16:30,<\/strong> a la pla\u00e7a de l\u2019Ajuntament, hi hauran inflables, cars i jocs gegants. Tamb\u00e9 es dur\u00e0 a terme un taller infantil: <em>crea la teva rosa.<\/em><\/p>\n<p style=\"font-weight: 400; text-align: justify;\">Hi haur\u00e0 un punt de venta de llibres, coca amb xocolata a 2\u20ac i barra a preus populars.<\/p>\n<h5 style=\"font-weight: 400; text-align: justify;\">Esperem passar un bon\u00a0Sant\u00a0Jordi\u00a0plegats!<\/h5>\n<p><a href=\"https:\/\/agora.xtec.cat\/escolamestralvilanova\/wp-content\/uploads\/usu729\/2026\/04\/logotip-sant-jordi-1.png\"><img loading=\"lazy\" decoding=\"async\" class=\"alignnone wp-image-10550\" src=\"https:\/\/agora.xtec.cat\/escolamestralvilanova\/wp-content\/uploads\/usu729\/2026\/04\/logotip-sant-jordi-1-300x300.png\" alt=\"\" width=\"174\" height=\"174\" srcset=\"https:\/\/agora.xtec.cat\/escolamestralvilanova\/wp-content\/uploads\/usu729\/2026\/04\/logotip-sant-jordi-1-300x300.png 300w, https:\/\/agora.xtec.cat\/escolamestralvilanova\/wp-content\/uploads\/usu729\/2026\/04\/logotip-sant-jordi-1-1024x1024.png 1024w, https:\/\/agora.xtec.cat\/escolamestralvilanova\/wp-content\/uploads\/usu729\/2026\/04\/logotip-sant-jordi-1-150x150.png 150w, https:\/\/agora.xtec.cat\/escolamestralvilanova\/wp-content\/uploads\/usu729\/2026\/04\/logotip-sant-jordi-1-768x768.png 768w, https:\/\/agora.xtec.cat\/escolamestralvilanova\/wp-content\/uploads\/usu729\/2026\/04\/logotip-sant-jordi-1.png 1080w\" sizes=\"auto, (max-width: 174px) 100vw, 174px\" \/><\/a><\/p>\n","protected":false},"excerpt":{"rendered":"<p>S&#8217;acosta\u00a0Sant Jordi\u00a0i ens fa molta il\u00b7lusi\u00f3 compartir amb vosaltres la planificaci\u00f3 de les activitats que tenim preparades per la setmana de\u00a0Sant Jordi.<br \/>\nESS\u00c8NCIES D\u2019\u00c0FRICA<br \/>\nEls dies 21 i 22 visitarem l\u2019exposici\u00f3 \u201cEss\u00e8ncies d\u2019\u00c0frica\u201d que es troba a l\u2019esgl\u00e9sia vella.<br \/>\n\u201cCONTA\u2019M UN CONTE\u201d\u00a0<br \/>\nCom ja sabeu&#8230;, ens agraden molt els&hellip;  <a href=\"https:\/\/agora.xtec.cat\/escolamestralvilanova\/portada\/sant-jordi-2026\/\" title=\"Read SANT JORDI 2026\">Llegeix m\u00e9s\u00bb<\/a><\/p>\n","protected":false},"author":1,"featured_media":0,"comment_status":"open","ping_status":"open","sticky":false,"template":"","format":"standard","meta":{"_bbp_topic_count":0,"_bbp_reply_count":0,"_bbp_total_topic_count":0,"_bbp_total_reply_count":0,"_bbp_voice_count":0,"_bbp_anonymous_reply_count":0,"_bbp_topic_count_hidden":0,"_bbp_reply_count_hidden":0,"_bbp_forum_subforum_count":0,"footnotes":""},"categories":[4],"tags":[],"class_list":["post-10545","post","type-post","status-publish","format-standard","hentry","category-portada"],"post_mailing_queue_ids":[],"_links":{"self":[{"href":"https:\/\/agora.xtec.cat\/escolamestralvilanova\/wp-json\/wp\/v2\/posts\/10545","targetHints":{"allow":["GET"]}}],"collection":[{"href":"https:\/\/agora.xtec.cat\/escolamestralvilanova\/wp-json\/wp\/v2\/posts"}],"about":[{"href":"https:\/\/agora.xtec.cat\/escolamestralvilanova\/wp-json\/wp\/v2\/types\/post"}],"author":[{"embeddable":true,"href":"https:\/\/agora.xtec.cat\/escolamestralvilanova\/wp-json\/wp\/v2\/users\/1"}],"replies":[{"embeddable":true,"href":"https:\/\/agora.xtec.cat\/escolamestralvilanova\/wp-json\/wp\/v2\/comments?post=10545"}],"version-history":[{"count":5,"href":"https:\/\/agora.xtec.cat\/escolamestralvilanova\/wp-json\/wp\/v2\/posts\/10545\/revisions"}],"predecessor-version":[{"id":10553,"href":"https:\/\/agora.xtec.cat\/escolamestralvilanova\/wp-json\/wp\/v2\/posts\/10545\/revisions\/10553"}],"wp:attachment":[{"href":"https:\/\/agora.xtec.cat\/escolamestralvilanova\/wp-json\/wp\/v2\/media?parent=10545"}],"wp:term":[{"taxonomy":"category","embeddable":true,"href":"https:\/\/agora.xtec.cat\/escolamestralvilanova\/wp-json\/wp\/v2\/categories?post=10545"},{"taxonomy":"post_tag","embeddable":true,"href":"https:\/\/agora.xtec.cat\/escolamestralvilanova\/wp-json\/wp\/v2\/tags?post=10545"}],"curies":[{"name":"wp","href":"https:\/\/api.w.org\/{rel}","templated":true}]}}