{"id":10531,"date":"2026-04-22T15:00:12","date_gmt":"2026-04-22T13:00:12","guid":{"rendered":"https:\/\/agora.xtec.cat\/escolamestralvilanova\/?p=10531"},"modified":"2026-04-22T13:25:32","modified_gmt":"2026-04-22T11:25:32","slug":"video-colonies-ed-inf-ci","status":"publish","type":"post","link":"https:\/\/agora.xtec.cat\/escolamestralvilanova\/infantil\/video-colonies-ed-inf-ci\/","title":{"rendered":"V\u00cdDEO COL\u00d2NIES ED.INF-CI"},"content":{"rendered":"<p class=\"gmail_default\">Estimades fam\u00edlies,<\/p>\n<p class=\"gmail_default\">Ens fa molta il\u00b7lusi\u00f3 compartir amb vosaltres el\u00a0v\u00eddeo\u00a0on participa tot l&#8217;alumnat de l&#8217;escola amb la informaci\u00f3 necess\u00e0ria per a les col\u00f2nies a LES OBAGUES!<\/p>\n<p><a href=\"https:\/\/drive.google.com\/file\/d\/1M6pkOQfkUzuqnw0MzDc2Damk8mxjjxqC\/view?usp=sharing\"><img loading=\"lazy\" decoding=\"async\" class=\"alignnone size-medium wp-image-10532\" src=\"https:\/\/agora.xtec.cat\/escolamestralvilanova\/wp-content\/uploads\/usu729\/2026\/04\/OBAGUES-300x168.png\" alt=\"\" width=\"300\" height=\"168\" srcset=\"https:\/\/agora.xtec.cat\/escolamestralvilanova\/wp-content\/uploads\/usu729\/2026\/04\/OBAGUES-300x168.png 300w, https:\/\/agora.xtec.cat\/escolamestralvilanova\/wp-content\/uploads\/usu729\/2026\/04\/OBAGUES-1024x574.png 1024w, https:\/\/agora.xtec.cat\/escolamestralvilanova\/wp-content\/uploads\/usu729\/2026\/04\/OBAGUES-768x430.png 768w, https:\/\/agora.xtec.cat\/escolamestralvilanova\/wp-content\/uploads\/usu729\/2026\/04\/OBAGUES.png 1323w\" sizes=\"auto, (max-width: 300px) 100vw, 300px\" \/><\/a><\/p>\n","protected":false},"excerpt":{"rendered":"<p>Estimades fam\u00edlies,<br \/>\nEns fa molta il\u00b7lusi\u00f3 compartir amb vosaltres el\u00a0v\u00eddeo\u00a0on participa tot l&#8217;alumnat de l&#8217;escola amb la informaci\u00f3 necess\u00e0ria per a les col\u00f2nies a LES OBAGUES!<br \/>\n<a href=\"https:\/\/drive.google.com\/file\/d\/1M6pkOQfkUzuqnw0MzDc2Damk8mxjjxqC\/view?usp=sharing\"><\/a><\/p>\n","protected":false},"author":1,"featured_media":0,"comment_status":"open","ping_status":"open","sticky":false,"template":"","format":"standard","meta":{"_bbp_topic_count":0,"_bbp_reply_count":0,"_bbp_total_topic_count":0,"_bbp_total_reply_count":0,"_bbp_voice_count":0,"_bbp_anonymous_reply_count":0,"_bbp_topic_count_hidden":0,"_bbp_reply_count_hidden":0,"_bbp_forum_subforum_count":0,"footnotes":""},"categories":[2,4,5],"tags":[],"class_list":["post-10531","post","type-post","status-publish","format-standard","hentry","category-infantil","category-portada","category-primaria"],"post_mailing_queue_ids":[],"_links":{"self":[{"href":"https:\/\/agora.xtec.cat\/escolamestralvilanova\/wp-json\/wp\/v2\/posts\/10531","targetHints":{"allow":["GET"]}}],"collection":[{"href":"https:\/\/agora.xtec.cat\/escolamestralvilanova\/wp-json\/wp\/v2\/posts"}],"about":[{"href":"https:\/\/agora.xtec.cat\/escolamestralvilanova\/wp-json\/wp\/v2\/types\/post"}],"author":[{"embeddable":true,"href":"https:\/\/agora.xtec.cat\/escolamestralvilanova\/wp-json\/wp\/v2\/users\/1"}],"replies":[{"embeddable":true,"href":"https:\/\/agora.xtec.cat\/escolamestralvilanova\/wp-json\/wp\/v2\/comments?post=10531"}],"version-history":[{"count":1,"href":"https:\/\/agora.xtec.cat\/escolamestralvilanova\/wp-json\/wp\/v2\/posts\/10531\/revisions"}],"predecessor-version":[{"id":10533,"href":"https:\/\/agora.xtec.cat\/escolamestralvilanova\/wp-json\/wp\/v2\/posts\/10531\/revisions\/10533"}],"wp:attachment":[{"href":"https:\/\/agora.xtec.cat\/escolamestralvilanova\/wp-json\/wp\/v2\/media?parent=10531"}],"wp:term":[{"taxonomy":"category","embeddable":true,"href":"https:\/\/agora.xtec.cat\/escolamestralvilanova\/wp-json\/wp\/v2\/categories?post=10531"},{"taxonomy":"post_tag","embeddable":true,"href":"https:\/\/agora.xtec.cat\/escolamestralvilanova\/wp-json\/wp\/v2\/tags?post=10531"}],"curies":[{"name":"wp","href":"https:\/\/api.w.org\/{rel}","templated":true}]}}