{"id":10526,"date":"2026-04-22T13:20:05","date_gmt":"2026-04-22T11:20:05","guid":{"rendered":"https:\/\/agora.xtec.cat\/escolamestralvilanova\/?p=10526"},"modified":"2026-04-22T13:20:05","modified_gmt":"2026-04-22T11:20:05","slug":"essencies-de-lafrica","status":"publish","type":"post","link":"https:\/\/agora.xtec.cat\/escolamestralvilanova\/portada\/essencies-de-lafrica\/","title":{"rendered":"ESS\u00c8NCIES DE L&#8217;\u00c0FRICA"},"content":{"rendered":"<p>Durant aquesta setmana els infants de l&#8217;escola han anat a visitar l&#8217;exposici\u00f3 &#8220;<strong>Ess\u00e8ncies d&#8217;\u00c0frica<\/strong>&#8221; que es troba a l&#8217;Esgl\u00e9sia Vella.<\/p>\n<p>Una exposici\u00f3 d&#8217;art, cultura i fotografia a c\u00e0rrec de Joan Par\u00e9s Su\u00f1\u00e9.<\/p>\n<p>Gr\u00e0cies Joan per les explicacions i compatir les teves experi\u00e8ncies a l&#8217;\u00c0frica!<\/p>\n<ul>\n<li><a href=\"https:\/\/photos.app.goo.gl\/XdYJcCSmEajV15yE8\">ENLLA\u00c7 A LES FOTOGRAFIES<\/a><a href=\"https:\/\/agora.xtec.cat\/escolamestralvilanova\/wp-content\/uploads\/usu729\/2026\/04\/IMG_0844.heic\"><img decoding=\"async\" class=\"aligncenter size-full wp-image-10528\" src=\"https:\/\/agora.xtec.cat\/escolamestralvilanova\/wp-content\/uploads\/usu729\/2026\/04\/IMG_0844.heic\" alt=\"\" \/><\/a><\/li>\n<\/ul>\n<p><a href=\"https:\/\/agora.xtec.cat\/escolamestralvilanova\/wp-content\/uploads\/usu729\/2026\/04\/IMG_0844-1.jpg\"><img loading=\"lazy\" decoding=\"async\" class=\"alignleft wp-image-10529 size-medium\" src=\"https:\/\/agora.xtec.cat\/escolamestralvilanova\/wp-content\/uploads\/usu729\/2026\/04\/IMG_0844-1-225x300.jpg\" alt=\"\" width=\"225\" height=\"300\" srcset=\"https:\/\/agora.xtec.cat\/escolamestralvilanova\/wp-content\/uploads\/usu729\/2026\/04\/IMG_0844-1-225x300.jpg 225w, https:\/\/agora.xtec.cat\/escolamestralvilanova\/wp-content\/uploads\/usu729\/2026\/04\/IMG_0844-1.jpg 689w\" sizes=\"auto, (max-width: 225px) 100vw, 225px\" \/><\/a><\/p>\n","protected":false},"excerpt":{"rendered":"<p>Durant aquesta setmana els infants de l&#8217;escola han anat a visitar l&#8217;exposici\u00f3 &#8220;Ess\u00e8ncies d&#8217;\u00c0frica&#8221; que es troba a l&#8217;Esgl\u00e9sia Vella.<br \/>\nUna exposici\u00f3 d&#8217;art, cultura i fotografia a c\u00e0rrec de Joan Par\u00e9s Su\u00f1\u00e9.<br \/>\nGr\u00e0cies Joan per les explicacions i compatir les teves experi\u00e8ncies a l&#8217;\u00c0frica!<\/p>\n<ul>\n<li><a href=\"https:\/\/photos.app.goo.gl\/XdYJcCSmEajV15yE8\">ENLLA\u00c7 A LES&hellip;  <a href=\"https:\/\/agora.xtec.cat\/escolamestralvilanova\/portada\/essencies-de-lafrica\/\" title=\"Read ESS\u00c8NCIES DE L&#8217;\u00c0FRICA\">Llegeix m\u00e9s\u00bb<\/a><br \/>\n","protected":false},"author":6,"featured_media":0,"comment_status":"open","ping_status":"open","sticky":false,"template":"","format":"standard","meta":{"_bbp_topic_count":0,"_bbp_reply_count":0,"_bbp_total_topic_count":0,"_bbp_total_reply_count":0,"_bbp_voice_count":0,"_bbp_anonymous_reply_count":0,"_bbp_topic_count_hidden":0,"_bbp_reply_count_hidden":0,"_bbp_forum_subforum_count":0,"footnotes":""},"categories":[4,5],"tags":[],"class_list":["post-10526","post","type-post","status-publish","format-standard","hentry","category-portada","category-primaria"],"post_mailing_queue_ids":[],"_links":{"self":[{"href":"https:\/\/agora.xtec.cat\/escolamestralvilanova\/wp-json\/wp\/v2\/posts\/10526","targetHints":{"allow":["GET"]}}],"collection":[{"href":"https:\/\/agora.xtec.cat\/escolamestralvilanova\/wp-json\/wp\/v2\/posts"}],"about":[{"href":"https:\/\/agora.xtec.cat\/escolamestralvilanova\/wp-json\/wp\/v2\/types\/post"}],"author":[{"embeddable":true,"href":"https:\/\/agora.xtec.cat\/escolamestralvilanova\/wp-json\/wp\/v2\/users\/6"}],"replies":[{"embeddable":true,"href":"https:\/\/agora.xtec.cat\/escolamestralvilanova\/wp-json\/wp\/v2\/comments?post=10526"}],"version-history":[{"count":1,"href":"https:\/\/agora.xtec.cat\/escolamestralvilanova\/wp-json\/wp\/v2\/posts\/10526\/revisions"}],"predecessor-version":[{"id":10530,"href":"https:\/\/agora.xtec.cat\/escolamestralvilanova\/wp-json\/wp\/v2\/posts\/10526\/revisions\/10530"}],"wp:attachment":[{"href":"https:\/\/agora.xtec.cat\/escolamestralvilanova\/wp-json\/wp\/v2\/media?parent=10526"}],"wp:term":[{"taxonomy":"category","embeddable":true,"href":"https:\/\/agora.xtec.cat\/escolamestralvilanova\/wp-json\/wp\/v2\/categories?post=10526"},{"taxonomy":"post_tag","embeddable":true,"href":"https:\/\/agora.xtec.cat\/escolamestralvilanova\/wp-json\/wp\/v2\/tags?post=10526"}],"curies":[{"name":"wp","href":"https:\/\/api.w.org\/{rel}","templated":true}]}}