{"id":10456,"date":"2026-03-27T16:05:13","date_gmt":"2026-03-27T15:05:13","guid":{"rendered":"https:\/\/agora.xtec.cat\/escolamestralvilanova\/?p=10456"},"modified":"2026-03-27T16:05:13","modified_gmt":"2026-03-27T15:05:13","slug":"audicio-danses-del-mon","status":"publish","type":"post","link":"https:\/\/agora.xtec.cat\/escolamestralvilanova\/portada\/audicio-danses-del-mon\/","title":{"rendered":"AUDICI\u00d3 &#8220;DANSES DEL M\u00d3N&#8221;"},"content":{"rendered":"<p>El passat dilluns 23 de mar\u00e7, l&#8217;alumnat de CM va anar a Lleida en tren per tal de veure l&#8217;audici\u00f3 &#8220;Danses del m\u00f3n&#8221; que es va dur a terme a l&#8217;Auditori Enric Granados.<\/p>\n<p>Ens va agradar molt!<\/p>\n<ul>\n<li><a href=\"https:\/\/photos.app.goo.gl\/NTQ9Z5yZ9qCh7eSM9\">ENLLA\u00c7 A LES FOTOGRAFIES<\/a><\/li>\n<\/ul>\n<p><a href=\"https:\/\/photos.app.goo.gl\/NTQ9Z5yZ9qCh7eSM9\"><img loading=\"lazy\" decoding=\"async\" class=\"alignnone size-medium wp-image-10457\" src=\"https:\/\/agora.xtec.cat\/escolamestralvilanova\/wp-content\/uploads\/usu729\/2026\/03\/DANSES-DEL-MON-300x173.png\" alt=\"\" width=\"300\" height=\"173\" srcset=\"https:\/\/agora.xtec.cat\/escolamestralvilanova\/wp-content\/uploads\/usu729\/2026\/03\/DANSES-DEL-MON-300x173.png 300w, https:\/\/agora.xtec.cat\/escolamestralvilanova\/wp-content\/uploads\/usu729\/2026\/03\/DANSES-DEL-MON.png 353w\" sizes=\"auto, (max-width: 300px) 100vw, 300px\" \/><\/a><\/p>\n","protected":false},"excerpt":{"rendered":"<p>El passat dilluns 23 de mar\u00e7, l&#8217;alumnat de CM va anar a Lleida en tren per tal de veure l&#8217;audici\u00f3 &#8220;Danses del m\u00f3n&#8221; que es va dur a terme a l&#8217;Auditori Enric Granados.<br \/>\nEns va agradar molt!<\/p>\n<ul>\n<li><a href=\"https:\/\/photos.app.goo.gl\/NTQ9Z5yZ9qCh7eSM9\">ENLLA\u00c7 A LES FOTOGRAFIES<\/a><\/li>\n<\/ul>\n<p><a href=\"https:\/\/photos.app.goo.gl\/NTQ9Z5yZ9qCh7eSM9\"><\/a><\/p>\n","protected":false},"author":1,"featured_media":0,"comment_status":"open","ping_status":"open","sticky":false,"template":"","format":"standard","meta":{"_bbp_topic_count":0,"_bbp_reply_count":0,"_bbp_total_topic_count":0,"_bbp_total_reply_count":0,"_bbp_voice_count":0,"_bbp_anonymous_reply_count":0,"_bbp_topic_count_hidden":0,"_bbp_reply_count_hidden":0,"_bbp_forum_subforum_count":0,"footnotes":""},"categories":[12,4,5],"tags":[],"class_list":["post-10456","post","type-post","status-publish","format-standard","hentry","category-tercer-quart","category-portada","category-primaria"],"post_mailing_queue_ids":[],"_links":{"self":[{"href":"https:\/\/agora.xtec.cat\/escolamestralvilanova\/wp-json\/wp\/v2\/posts\/10456","targetHints":{"allow":["GET"]}}],"collection":[{"href":"https:\/\/agora.xtec.cat\/escolamestralvilanova\/wp-json\/wp\/v2\/posts"}],"about":[{"href":"https:\/\/agora.xtec.cat\/escolamestralvilanova\/wp-json\/wp\/v2\/types\/post"}],"author":[{"embeddable":true,"href":"https:\/\/agora.xtec.cat\/escolamestralvilanova\/wp-json\/wp\/v2\/users\/1"}],"replies":[{"embeddable":true,"href":"https:\/\/agora.xtec.cat\/escolamestralvilanova\/wp-json\/wp\/v2\/comments?post=10456"}],"version-history":[{"count":1,"href":"https:\/\/agora.xtec.cat\/escolamestralvilanova\/wp-json\/wp\/v2\/posts\/10456\/revisions"}],"predecessor-version":[{"id":10458,"href":"https:\/\/agora.xtec.cat\/escolamestralvilanova\/wp-json\/wp\/v2\/posts\/10456\/revisions\/10458"}],"wp:attachment":[{"href":"https:\/\/agora.xtec.cat\/escolamestralvilanova\/wp-json\/wp\/v2\/media?parent=10456"}],"wp:term":[{"taxonomy":"category","embeddable":true,"href":"https:\/\/agora.xtec.cat\/escolamestralvilanova\/wp-json\/wp\/v2\/categories?post=10456"},{"taxonomy":"post_tag","embeddable":true,"href":"https:\/\/agora.xtec.cat\/escolamestralvilanova\/wp-json\/wp\/v2\/tags?post=10456"}],"curies":[{"name":"wp","href":"https:\/\/api.w.org\/{rel}","templated":true}]}}