{"id":10372,"date":"2026-02-19T13:54:40","date_gmt":"2026-02-19T12:54:40","guid":{"rendered":"https:\/\/agora.xtec.cat\/escolamestralvilanova\/?p=10372"},"modified":"2026-02-19T13:54:40","modified_gmt":"2026-02-19T12:54:40","slug":"taller-ambulancia","status":"publish","type":"post","link":"https:\/\/agora.xtec.cat\/escolamestralvilanova\/infantil\/taller-ambulancia\/","title":{"rendered":"TALLER AMBUL\u00c0NCIA"},"content":{"rendered":"<p>Al llarg d&#8217;aquesta setmana els alumnes de Cicle Inicial i Educaci\u00f3 Infantil, hem fet un taller amb t\u00e8cnics del SEM que ens han explicat el seu ofici. Tamb\u00e9 vam poder con\u00e8ixer de primera m\u00e0 el funcionament d&#8217;una ambul\u00e0ncia.<\/p>\n<p>En cas d&#8217;emerg\u00e8ncia hem de trucar al 112!!!<\/p>\n<ul>\n<li><a href=\"https:\/\/photos.app.goo.gl\/izarDEWgmBtEryBa6\">ENLLA\u00c7 A LES FOTOGRAFIES<\/a><\/li>\n<\/ul>\n<p><a href=\"https:\/\/photos.app.goo.gl\/izarDEWgmBtEryBa6\"><img loading=\"lazy\" decoding=\"async\" class=\"alignnone size-medium wp-image-10373\" src=\"https:\/\/agora.xtec.cat\/escolamestralvilanova\/wp-content\/uploads\/usu729\/2026\/02\/AMBULANCIA-300x153.png\" alt=\"\" width=\"300\" height=\"153\" srcset=\"https:\/\/agora.xtec.cat\/escolamestralvilanova\/wp-content\/uploads\/usu729\/2026\/02\/AMBULANCIA-300x153.png 300w, https:\/\/agora.xtec.cat\/escolamestralvilanova\/wp-content\/uploads\/usu729\/2026\/02\/AMBULANCIA.png 466w\" sizes=\"auto, (max-width: 300px) 100vw, 300px\" \/><\/a><\/p>\n","protected":false},"excerpt":{"rendered":"<p>Al llarg d&#8217;aquesta setmana els alumnes de Cicle Inicial i Educaci\u00f3 Infantil, hem fet un taller amb t\u00e8cnics del SEM que ens han explicat el seu ofici. Tamb\u00e9 vam poder con\u00e8ixer de primera m\u00e0 el funcionament d&#8217;una ambul\u00e0ncia.<br \/>\nEn cas d&#8217;emerg\u00e8ncia hem de trucar al 112!!!<\/p>\n<ul>\n<li><a&hellip;  <a href=\"https:\/\/agora.xtec.cat\/escolamestralvilanova\/infantil\/taller-ambulancia\/\" title=\"Read TALLER AMBUL\u00c0NCIA\">Llegeix m\u00e9s\u00bb<\/a><br \/>\n","protected":false},"author":1,"featured_media":0,"comment_status":"open","ping_status":"open","sticky":false,"template":"","format":"standard","meta":{"_bbp_topic_count":0,"_bbp_reply_count":0,"_bbp_total_topic_count":0,"_bbp_total_reply_count":0,"_bbp_voice_count":0,"_bbp_anonymous_reply_count":0,"_bbp_topic_count_hidden":0,"_bbp_reply_count_hidden":0,"_bbp_forum_subforum_count":0,"footnotes":""},"categories":[2,4,5],"tags":[],"class_list":["post-10372","post","type-post","status-publish","format-standard","hentry","category-infantil","category-portada","category-primaria"],"post_mailing_queue_ids":[],"_links":{"self":[{"href":"https:\/\/agora.xtec.cat\/escolamestralvilanova\/wp-json\/wp\/v2\/posts\/10372","targetHints":{"allow":["GET"]}}],"collection":[{"href":"https:\/\/agora.xtec.cat\/escolamestralvilanova\/wp-json\/wp\/v2\/posts"}],"about":[{"href":"https:\/\/agora.xtec.cat\/escolamestralvilanova\/wp-json\/wp\/v2\/types\/post"}],"author":[{"embeddable":true,"href":"https:\/\/agora.xtec.cat\/escolamestralvilanova\/wp-json\/wp\/v2\/users\/1"}],"replies":[{"embeddable":true,"href":"https:\/\/agora.xtec.cat\/escolamestralvilanova\/wp-json\/wp\/v2\/comments?post=10372"}],"version-history":[{"count":1,"href":"https:\/\/agora.xtec.cat\/escolamestralvilanova\/wp-json\/wp\/v2\/posts\/10372\/revisions"}],"predecessor-version":[{"id":10374,"href":"https:\/\/agora.xtec.cat\/escolamestralvilanova\/wp-json\/wp\/v2\/posts\/10372\/revisions\/10374"}],"wp:attachment":[{"href":"https:\/\/agora.xtec.cat\/escolamestralvilanova\/wp-json\/wp\/v2\/media?parent=10372"}],"wp:term":[{"taxonomy":"category","embeddable":true,"href":"https:\/\/agora.xtec.cat\/escolamestralvilanova\/wp-json\/wp\/v2\/categories?post=10372"},{"taxonomy":"post_tag","embeddable":true,"href":"https:\/\/agora.xtec.cat\/escolamestralvilanova\/wp-json\/wp\/v2\/tags?post=10372"}],"curies":[{"name":"wp","href":"https:\/\/api.w.org\/{rel}","templated":true}]}}