{"id":10337,"date":"2026-02-10T15:45:52","date_gmt":"2026-02-10T14:45:52","guid":{"rendered":"https:\/\/agora.xtec.cat\/escolamestralvilanova\/?p=10337"},"modified":"2026-02-10T15:45:52","modified_gmt":"2026-02-10T14:45:52","slug":"kike-herrero","status":"publish","type":"post","link":"https:\/\/agora.xtec.cat\/escolamestralvilanova\/portada\/kike-herrero\/","title":{"rendered":"KIKE HERRERO"},"content":{"rendered":"<p>Avui els alumnes de Cicle Mitj\u00e0 i Cicle Superior hem tingut la sort de rebre la visita del Kike Herrero, astrof\u00edsic, que treballa al Parc Astron\u00f2mic del Montsec.<\/p>\n<p>Entre d&#8217;altres aspectes, durant la xerrada hem pogut aprendre molt m\u00e9s sobre els moviments de la Terra, l&#8217;Univers i l&#8217;eclipsi que es produir\u00e0 el proper 12 d&#8217;agost.<\/p>\n<p>Tamb\u00e9, hem sortit al pati de l&#8217;escola per fer una observaci\u00f3 del Sol amb el telescopi.<\/p>\n<p>Moltes gr\u00e0cies per la visita! Ens ha agradat molt!<\/p>\n<ul>\n<li><a href=\"https:\/\/photos.app.goo.gl\/UWJqoXwzqBZFf5NJ8\">ENLLA\u00c7 A LES FOTOGRAFIES<\/a><\/li>\n<\/ul>\n<p><a href=\"https:\/\/agora.xtec.cat\/escolamestralvilanova\/wp-content\/uploads\/usu729\/2026\/02\/KIKE-HERRERO.png\"><img loading=\"lazy\" decoding=\"async\" class=\"alignnone size-medium wp-image-10339\" src=\"https:\/\/agora.xtec.cat\/escolamestralvilanova\/wp-content\/uploads\/usu729\/2026\/02\/KIKE-HERRERO-300x169.png\" alt=\"\" width=\"300\" height=\"169\" srcset=\"https:\/\/agora.xtec.cat\/escolamestralvilanova\/wp-content\/uploads\/usu729\/2026\/02\/KIKE-HERRERO-300x169.png 300w, https:\/\/agora.xtec.cat\/escolamestralvilanova\/wp-content\/uploads\/usu729\/2026\/02\/KIKE-HERRERO.png 682w\" sizes=\"auto, (max-width: 300px) 100vw, 300px\" \/><\/a><\/p>\n","protected":false},"excerpt":{"rendered":"<p>Avui els alumnes de Cicle Mitj\u00e0 i Cicle Superior hem tingut la sort de rebre la visita del Kike Herrero, astrof\u00edsic, que treballa al Parc Astron\u00f2mic del Montsec.<br \/>\nEntre d&#8217;altres aspectes, durant la xerrada hem pogut aprendre molt m\u00e9s sobre els moviments de la Terra, l&#8217;Univers&hellip;  <a href=\"https:\/\/agora.xtec.cat\/escolamestralvilanova\/portada\/kike-herrero\/\" title=\"Read KIKE HERRERO\">Llegeix m\u00e9s\u00bb<\/a><\/p>\n","protected":false},"author":1,"featured_media":0,"comment_status":"open","ping_status":"open","sticky":false,"template":"","format":"standard","meta":{"_bbp_topic_count":0,"_bbp_reply_count":0,"_bbp_total_topic_count":0,"_bbp_total_reply_count":0,"_bbp_voice_count":0,"_bbp_anonymous_reply_count":0,"_bbp_topic_count_hidden":0,"_bbp_reply_count_hidden":0,"_bbp_forum_subforum_count":0,"footnotes":""},"categories":[12,15,4,5],"tags":[],"class_list":["post-10337","post","type-post","status-publish","format-standard","hentry","category-tercer-quart","category-cicle-superior","category-portada","category-primaria"],"post_mailing_queue_ids":[],"_links":{"self":[{"href":"https:\/\/agora.xtec.cat\/escolamestralvilanova\/wp-json\/wp\/v2\/posts\/10337","targetHints":{"allow":["GET"]}}],"collection":[{"href":"https:\/\/agora.xtec.cat\/escolamestralvilanova\/wp-json\/wp\/v2\/posts"}],"about":[{"href":"https:\/\/agora.xtec.cat\/escolamestralvilanova\/wp-json\/wp\/v2\/types\/post"}],"author":[{"embeddable":true,"href":"https:\/\/agora.xtec.cat\/escolamestralvilanova\/wp-json\/wp\/v2\/users\/1"}],"replies":[{"embeddable":true,"href":"https:\/\/agora.xtec.cat\/escolamestralvilanova\/wp-json\/wp\/v2\/comments?post=10337"}],"version-history":[{"count":1,"href":"https:\/\/agora.xtec.cat\/escolamestralvilanova\/wp-json\/wp\/v2\/posts\/10337\/revisions"}],"predecessor-version":[{"id":10340,"href":"https:\/\/agora.xtec.cat\/escolamestralvilanova\/wp-json\/wp\/v2\/posts\/10337\/revisions\/10340"}],"wp:attachment":[{"href":"https:\/\/agora.xtec.cat\/escolamestralvilanova\/wp-json\/wp\/v2\/media?parent=10337"}],"wp:term":[{"taxonomy":"category","embeddable":true,"href":"https:\/\/agora.xtec.cat\/escolamestralvilanova\/wp-json\/wp\/v2\/categories?post=10337"},{"taxonomy":"post_tag","embeddable":true,"href":"https:\/\/agora.xtec.cat\/escolamestralvilanova\/wp-json\/wp\/v2\/tags?post=10337"}],"curies":[{"name":"wp","href":"https:\/\/api.w.org\/{rel}","templated":true}]}}