{"id":10334,"date":"2026-02-10T15:30:18","date_gmt":"2026-02-10T14:30:18","guid":{"rendered":"https:\/\/agora.xtec.cat\/escolamestralvilanova\/?p=10334"},"modified":"2026-02-10T15:30:18","modified_gmt":"2026-02-10T14:30:18","slug":"viii-setmana-de-la-ciencia","status":"publish","type":"post","link":"https:\/\/agora.xtec.cat\/escolamestralvilanova\/infantil\/viii-setmana-de-la-ciencia\/","title":{"rendered":"VIII SETMANA DE LA CI\u00c8NCIA"},"content":{"rendered":"<p style=\"font-weight: 400; text-align: justify;\">Durant\u00a0la\u00a0setmana\u00a0del 10\u00a0al 12\u00a0de\u00a0febrer durem a terme\u00a0la\u00a0\u00a0<strong>VIII\u00a0Setmana\u00a0de\u00a0la\u00a0Ci\u00e8ncia\u00a0<\/strong>a l&#8217;escola.<\/p>\n<p style=\"font-weight: 400; text-align: justify;\">Aprofitant que el dimecres 11\u00a0de\u00a0febrer \u00e9s el\u00a0<em>dia\u00a0de\u00a0la\u00a0dona i\u00a0la\u00a0nena a\u00a0la\u00a0Ci\u00e8ncia<\/em>, l&#8217;objectiu principal d&#8217;aquesta iniciativa no \u00e9s altre que despertar i potenciar l\u2019inter\u00e8s i\u00a0la\u00a0curiositat dels nostres alumnes vers\u00a0la\u00a0Ci\u00e8ncia.<\/p>\n<p style=\"font-weight: 400; text-align: justify;\">Aix\u00ed, al llarg d&#8217;aquesta\u00a0setmana\u00a0es realitzaran diferents activitats:<\/p>\n<p style=\"font-weight: 400; text-align: justify;\"><strong>Al llarg\u00a0de\u00a0la\u00a0setmana: EXPERIMENTS A LES AULES\u00a0<\/strong><\/p>\n<ul style=\"font-weight: 400; text-align: justify;\">\n<li><em>A nivell d&#8217;aula, al llarg\u00a0de\u00a0les darreres setmanes hem treballat el m\u00e8tode cient\u00edfic i tamb\u00e9 el paper\u00a0de\u00a0la\u00a0dona a\u00a0la\u00a0ci\u00e8ncia.<\/em><\/li>\n<li><em>Tamb\u00e9, els nens i les nenes\u00a0de\u00a0les diferents aules realitzaran experiments cient\u00edfics i els presentaran als seus companys\/es i tamb\u00e9 a vosaltres, les fam\u00edlies.\u00a0<\/em><\/li>\n<\/ul>\n<p style=\"font-weight: 400; text-align: justify;\"><strong>El dimarts 10 de febrer:\u00a0<\/strong><strong>TALLER SOBRE EL SOL\u00a0<\/strong><\/p>\n<ul style=\"font-weight: 400; text-align: justify;\">\n<li><em><strong>TALLER SOBRE EL SOL:<\/strong>\u00a0El cient\u00edfic Kike Herrero ens vindr\u00e0 a l&#8217;escola per fer una xerrada als alumnes de Cicle Mitj\u00e0 i Cicle Superior que tractar\u00e0\u00a0sobre el Sol, els moviment de la Terra i el proper Eclipse solar.<\/em><\/li>\n<\/ul>\n<p style=\"font-weight: 400; text-align: justify;\"><strong>El dijous 12\u00a0de\u00a0 febrer:\u00a0<\/strong><strong>TREBALLEM DONES CIENT\u00cdFIQUES!<\/strong><strong>\u00a0\u00a0i\u00a0CI\u00c8NCIA\u00a0AL CARRER!<\/strong><\/p>\n<ul style=\"font-weight: 400; text-align: justify;\">\n<li><em><strong>TREBALLEM DONES CIENT\u00cdFIQUES:<\/strong>\u00a0Cada aula ha treballat una dona cient\u00edfica important i\u00a0l&#8217;exposarem\u00a0a la resta de l&#8217;escola.<\/em><\/li>\n<li><em><strong>CI\u00c8NCIA AL CARRER:\u00a0<\/strong>Ens fa molta il\u00b7lusi\u00f3 poder\u00a0compartir un recull dels diferents experiments treballats durant\u00a0la\u00a0VIII Setmana\u00a0de\u00a0la\u00a0Ci\u00e8ncia. Per\u00a0la\u00a0qual cosa, a partir\u00a0de\u00a0les\u00a0<strong>15:45 hores\u00a0<\/strong>durem a terme una petita mostra, oberta a les fam\u00edlies. Aquesta es realitzar\u00e0 al pati de\u00a0l&#8217;escola. Us hi esperem!<\/em><\/li>\n<\/ul>\n<p style=\"font-weight: 400; text-align: justify;\"><strong>I passada la\u00a0setmana de la ci\u00e8ncia&#8230; MARES CIENT\u00cdFIQUES!<\/strong><strong>\u00a0<\/strong><\/p>\n<ul style=\"text-align: justify;\">\n<li><em><strong>MARES CIENT\u00cdFIQUES:<\/strong>\u00a0Mares de l&#8217;escola, dedicades al m\u00f3n de la ci\u00e8ncia, vindran a l&#8217;escola per tal de con\u00e8ixer d&#8217;aprop en qu\u00e8 consisteix la seva professi\u00f3.<\/em><\/li>\n<\/ul>\n<p style=\"font-weight: 400; text-align: justify;\">Podreu veure a\u00a0la\u00a0<a href=\"https:\/\/agora.xtec.cat\/escolamestralvilanova\/\" data-saferedirecturl=\"https:\/\/www.google.com\/url?q=https:\/\/agora.xtec.cat\/escolamestralvilanova\/&amp;source=gmail&amp;ust=1770818415300000&amp;usg=AOvVaw2NIHS3kbNOQEf5v65gdk56\">p\u00e0gina web\u00a0de\u00a0l&#8217;escola<\/a>\u00a0les diferents activitats que es vagin realitzant.<\/p>\n<p style=\"font-weight: 400; text-align: justify;\">Adjuntem amb el correu el cartell realitzat per l&#8217;alumnat\u00a0de\u00a0CS.<\/p>\n<p><a href=\"https:\/\/agora.xtec.cat\/escolamestralvilanova\/wp-content\/uploads\/usu729\/2026\/02\/VIII-SETMANA-DE-LA-CIENCIA.png\"><img loading=\"lazy\" decoding=\"async\" class=\"alignnone wp-image-10335 size-medium\" src=\"https:\/\/agora.xtec.cat\/escolamestralvilanova\/wp-content\/uploads\/usu729\/2026\/02\/VIII-SETMANA-DE-LA-CIENCIA-300x300.png\" alt=\"\" width=\"300\" height=\"300\" srcset=\"https:\/\/agora.xtec.cat\/escolamestralvilanova\/wp-content\/uploads\/usu729\/2026\/02\/VIII-SETMANA-DE-LA-CIENCIA-300x300.png 300w, https:\/\/agora.xtec.cat\/escolamestralvilanova\/wp-content\/uploads\/usu729\/2026\/02\/VIII-SETMANA-DE-LA-CIENCIA-1024x1024.png 1024w, https:\/\/agora.xtec.cat\/escolamestralvilanova\/wp-content\/uploads\/usu729\/2026\/02\/VIII-SETMANA-DE-LA-CIENCIA-150x150.png 150w, https:\/\/agora.xtec.cat\/escolamestralvilanova\/wp-content\/uploads\/usu729\/2026\/02\/VIII-SETMANA-DE-LA-CIENCIA-768x768.png 768w, https:\/\/agora.xtec.cat\/escolamestralvilanova\/wp-content\/uploads\/usu729\/2026\/02\/VIII-SETMANA-DE-LA-CIENCIA.png 1080w\" sizes=\"auto, (max-width: 300px) 100vw, 300px\" \/><\/a><\/p>\n","protected":false},"excerpt":{"rendered":"<p>Durant\u00a0la\u00a0setmana\u00a0del 10\u00a0al 12\u00a0de\u00a0febrer durem a terme\u00a0la\u00a0\u00a0VIII\u00a0Setmana\u00a0de\u00a0la\u00a0Ci\u00e8ncia\u00a0a l&#8217;escola.<br \/>\nAprofitant que el dimecres 11\u00a0de\u00a0febrer \u00e9s el\u00a0dia\u00a0de\u00a0la\u00a0dona i\u00a0la\u00a0nena a\u00a0la\u00a0Ci\u00e8ncia, l&#8217;objectiu principal d&#8217;aquesta iniciativa no \u00e9s altre que despertar i potenciar l\u2019inter\u00e8s i\u00a0la\u00a0curiositat dels nostres alumnes vers\u00a0la\u00a0Ci\u00e8ncia.<br \/>\nAix\u00ed, al llarg d&#8217;aquesta\u00a0setmana\u00a0es realitzaran diferents activitats:<br \/>\nAl llarg\u00a0de\u00a0la\u00a0setmana: EXPERIMENTS A LES AULES\u00a0<\/p>\n<ul style=\"font-weight: 400;&hellip;  <a href=\"https:\/\/agora.xtec.cat\/escolamestralvilanova\/infantil\/viii-setmana-de-la-ciencia\/\" title=\"Read VIII SETMANA DE LA CI\u00c8NCIA\">Llegeix m\u00e9s\u00bb<\/a><\/p>\n","protected":false},"author":1,"featured_media":0,"comment_status":"open","ping_status":"open","sticky":false,"template":"","format":"standard","meta":{"_bbp_topic_count":0,"_bbp_reply_count":0,"_bbp_total_topic_count":0,"_bbp_total_reply_count":0,"_bbp_voice_count":0,"_bbp_anonymous_reply_count":0,"_bbp_topic_count_hidden":0,"_bbp_reply_count_hidden":0,"_bbp_forum_subforum_count":0,"footnotes":""},"categories":[2,4,5],"tags":[],"class_list":["post-10334","post","type-post","status-publish","format-standard","hentry","category-infantil","category-portada","category-primaria"],"post_mailing_queue_ids":[],"_links":{"self":[{"href":"https:\/\/agora.xtec.cat\/escolamestralvilanova\/wp-json\/wp\/v2\/posts\/10334","targetHints":{"allow":["GET"]}}],"collection":[{"href":"https:\/\/agora.xtec.cat\/escolamestralvilanova\/wp-json\/wp\/v2\/posts"}],"about":[{"href":"https:\/\/agora.xtec.cat\/escolamestralvilanova\/wp-json\/wp\/v2\/types\/post"}],"author":[{"embeddable":true,"href":"https:\/\/agora.xtec.cat\/escolamestralvilanova\/wp-json\/wp\/v2\/users\/1"}],"replies":[{"embeddable":true,"href":"https:\/\/agora.xtec.cat\/escolamestralvilanova\/wp-json\/wp\/v2\/comments?post=10334"}],"version-history":[{"count":1,"href":"https:\/\/agora.xtec.cat\/escolamestralvilanova\/wp-json\/wp\/v2\/posts\/10334\/revisions"}],"predecessor-version":[{"id":10336,"href":"https:\/\/agora.xtec.cat\/escolamestralvilanova\/wp-json\/wp\/v2\/posts\/10334\/revisions\/10336"}],"wp:attachment":[{"href":"https:\/\/agora.xtec.cat\/escolamestralvilanova\/wp-json\/wp\/v2\/media?parent=10334"}],"wp:term":[{"taxonomy":"category","embeddable":true,"href":"https:\/\/agora.xtec.cat\/escolamestralvilanova\/wp-json\/wp\/v2\/categories?post=10334"},{"taxonomy":"post_tag","embeddable":true,"href":"https:\/\/agora.xtec.cat\/escolamestralvilanova\/wp-json\/wp\/v2\/tags?post=10334"}],"curies":[{"name":"wp","href":"https:\/\/api.w.org\/{rel}","templated":true}]}}