{"id":1032,"date":"2018-12-21T12:45:09","date_gmt":"2018-12-21T11:45:09","guid":{"rendered":"http:\/\/agora.xtec.cat\/escolamestralvilanova\/?p=1032"},"modified":"2018-12-21T12:45:18","modified_gmt":"2018-12-21T11:45:18","slug":"bones-festes","status":"publish","type":"post","link":"https:\/\/agora.xtec.cat\/escolamestralvilanova\/infantil\/bones-festes\/","title":{"rendered":"BONES FESTES!"},"content":{"rendered":"<p>La comunitat educativa de l&#8217;escola Mestral us desitja unes BONES FESTES!<\/p>\n<p><a href=\"https:\/\/agora.xtec.cat\/escolamestralvilanova\/wp-content\/uploads\/usu729\/2018\/12\/ESCOLA-MESTRAL_FELICITACI\u00d3.jpg\"><img loading=\"lazy\" decoding=\"async\" class=\"alignnone wp-image-1033 size-medium\" src=\"https:\/\/agora.xtec.cat\/escolamestralvilanova\/wp-content\/uploads\/usu729\/2018\/12\/ESCOLA-MESTRAL_FELICITACI\u00d3-300x208.jpg\" alt=\"\" width=\"300\" height=\"208\" srcset=\"https:\/\/agora.xtec.cat\/escolamestralvilanova\/wp-content\/uploads\/usu729\/2018\/12\/ESCOLA-MESTRAL_FELICITACI\u00d3-300x208.jpg 300w, https:\/\/agora.xtec.cat\/escolamestralvilanova\/wp-content\/uploads\/usu729\/2018\/12\/ESCOLA-MESTRAL_FELICITACI\u00d3-768x532.jpg 768w, https:\/\/agora.xtec.cat\/escolamestralvilanova\/wp-content\/uploads\/usu729\/2018\/12\/ESCOLA-MESTRAL_FELICITACI\u00d3-1024x710.jpg 1024w, https:\/\/agora.xtec.cat\/escolamestralvilanova\/wp-content\/uploads\/usu729\/2018\/12\/ESCOLA-MESTRAL_FELICITACI\u00d3.jpg 1072w\" sizes=\"auto, (max-width: 300px) 100vw, 300px\" \/><\/a><\/p>\n<div class=\"gmail_default\"><\/div>\n<div><\/div>\n<div><\/div>\n<p class=\"gmail_default\">Tamb\u00e9 en aquestes dates tan assenyades us volem fer un petit regal, clicar el seg\u00fcent enlla\u00e7:<\/p>\n<div><\/div>\n<div><\/div>\n<ul>\n<li><a href=\"https:\/\/drive.google.com\/file\/d\/1gEMqSLvinIqdDubH02L6IGRFY1FkT90S\/view?usp=sharing\">V\u00cdDEO<\/a><\/li>\n<li><a href=\"https:\/\/photos.app.goo.gl\/XBCxPAXjcL7EVa997\">FOTOGRAFIES DEL V\u00cdDEO<\/a><\/li>\n<\/ul>\n<div class=\"gmail_default\"><\/div>\n","protected":false},"excerpt":{"rendered":"<p>La comunitat educativa de l&#8217;escola Mestral us desitja unes BONES FESTES!<br \/>\n<a href=\"https:\/\/agora.xtec.cat\/escolamestralvilanova\/wp-content\/uploads\/usu729\/2018\/12\/ESCOLA-MESTRAL_FELICITACI\u00d3.jpg\"><\/a><\/p>\n<p>Tamb\u00e9 en aquestes dates tan assenyades us volem fer un petit regal, clicar el seg\u00fcent enlla\u00e7:<\/p>\n<ul>\n<li><a href=\"https:\/\/drive.google.com\/file\/d\/1gEMqSLvinIqdDubH02L6IGRFY1FkT90S\/view?usp=sharing\">V\u00cdDEO<\/a><\/li>\n<li><a href=\"https:\/\/photos.app.goo.gl\/XBCxPAXjcL7EVa997\">FOTOGRAFIES DEL V\u00cdDEO<\/a><\/li>\n<\/ul>\n","protected":false},"author":1,"featured_media":0,"comment_status":"open","ping_status":"closed","sticky":false,"template":"","format":"standard","meta":{"_bbp_topic_count":0,"_bbp_reply_count":0,"_bbp_total_topic_count":0,"_bbp_total_reply_count":0,"_bbp_voice_count":0,"_bbp_anonymous_reply_count":0,"_bbp_topic_count_hidden":0,"_bbp_reply_count_hidden":0,"_bbp_forum_subforum_count":0,"footnotes":""},"categories":[13,11,12,15,3,14,8,9,10,2,4,5],"tags":[],"class_list":["post-1032","post","type-post","status-publish","format-standard","hentry","category-cinque","category-cicle-inicial","category-tercer-quart","category-cicle-superior","category-ei3-ei4-ei5","category-ei1-ei2","category-ei4","category-ei5","category-ei5-primer","category-infantil","category-portada","category-primaria"],"post_mailing_queue_ids":[],"_links":{"self":[{"href":"https:\/\/agora.xtec.cat\/escolamestralvilanova\/wp-json\/wp\/v2\/posts\/1032","targetHints":{"allow":["GET"]}}],"collection":[{"href":"https:\/\/agora.xtec.cat\/escolamestralvilanova\/wp-json\/wp\/v2\/posts"}],"about":[{"href":"https:\/\/agora.xtec.cat\/escolamestralvilanova\/wp-json\/wp\/v2\/types\/post"}],"author":[{"embeddable":true,"href":"https:\/\/agora.xtec.cat\/escolamestralvilanova\/wp-json\/wp\/v2\/users\/1"}],"replies":[{"embeddable":true,"href":"https:\/\/agora.xtec.cat\/escolamestralvilanova\/wp-json\/wp\/v2\/comments?post=1032"}],"version-history":[{"count":3,"href":"https:\/\/agora.xtec.cat\/escolamestralvilanova\/wp-json\/wp\/v2\/posts\/1032\/revisions"}],"predecessor-version":[{"id":1038,"href":"https:\/\/agora.xtec.cat\/escolamestralvilanova\/wp-json\/wp\/v2\/posts\/1032\/revisions\/1038"}],"wp:attachment":[{"href":"https:\/\/agora.xtec.cat\/escolamestralvilanova\/wp-json\/wp\/v2\/media?parent=1032"}],"wp:term":[{"taxonomy":"category","embeddable":true,"href":"https:\/\/agora.xtec.cat\/escolamestralvilanova\/wp-json\/wp\/v2\/categories?post=1032"},{"taxonomy":"post_tag","embeddable":true,"href":"https:\/\/agora.xtec.cat\/escolamestralvilanova\/wp-json\/wp\/v2\/tags?post=1032"}],"curies":[{"name":"wp","href":"https:\/\/api.w.org\/{rel}","templated":true}]}}