{"id":10280,"date":"2026-01-13T13:07:54","date_gmt":"2026-01-13T12:07:54","guid":{"rendered":"https:\/\/agora.xtec.cat\/escolamestralvilanova\/?p=10280"},"modified":"2026-01-13T13:07:54","modified_gmt":"2026-01-13T12:07:54","slug":"mi-manualidad-7","status":"publish","type":"post","link":"https:\/\/agora.xtec.cat\/escolamestralvilanova\/portada\/mi-manualidad-7\/","title":{"rendered":"MI MANUALIDAD"},"content":{"rendered":"<p style=\"text-align: justify;\">La setmana passada a l&#8217;aula de Cicle Inicial vam realitzar l&#8217;activitat d&#8217;expressi\u00f3 oral &#8220;Mi manualidad&#8221;, en la qual l&#8217;\u00cfu ha estat l&#8217;encarregat de presentar la manualitat de <strong>El volc\u00e1n<\/strong> a la resta de companys i companyes.<\/p>\n<p style=\"text-align: justify;\">Despr\u00e9s, tots i totes hem fet una llista dels materials necessaris i de les instruccions necess\u00e0ries.<\/p>\n<ul>\n<li><a href=\"https:\/\/photos.app.goo.gl\/ARHQ1LVTVtRvsggT8\">ENLLA\u00c7 A LES FOTOGRAFIES<\/a><\/li>\n<\/ul>\n<p><a href=\"https:\/\/agora.xtec.cat\/escolamestralvilanova\/wp-content\/uploads\/usu729\/2026\/01\/20260109_093403.jpg\"><img loading=\"lazy\" decoding=\"async\" class=\"alignleft wp-image-10281 size-medium\" src=\"https:\/\/agora.xtec.cat\/escolamestralvilanova\/wp-content\/uploads\/usu729\/2026\/01\/20260109_093403-300x225.jpg\" alt=\"\" width=\"300\" height=\"225\" srcset=\"https:\/\/agora.xtec.cat\/escolamestralvilanova\/wp-content\/uploads\/usu729\/2026\/01\/20260109_093403-300x225.jpg 300w, https:\/\/agora.xtec.cat\/escolamestralvilanova\/wp-content\/uploads\/usu729\/2026\/01\/20260109_093403-1024x768.jpg 1024w, https:\/\/agora.xtec.cat\/escolamestralvilanova\/wp-content\/uploads\/usu729\/2026\/01\/20260109_093403-768x576.jpg 768w, https:\/\/agora.xtec.cat\/escolamestralvilanova\/wp-content\/uploads\/usu729\/2026\/01\/20260109_093403-200x150.jpg 200w, https:\/\/agora.xtec.cat\/escolamestralvilanova\/wp-content\/uploads\/usu729\/2026\/01\/20260109_093403.jpg 1170w\" sizes=\"auto, (max-width: 300px) 100vw, 300px\" \/><\/a><\/p>\n","protected":false},"excerpt":{"rendered":"<p>La setmana passada a l&#8217;aula de Cicle Inicial vam realitzar l&#8217;activitat d&#8217;expressi\u00f3 oral &#8220;Mi manualidad&#8221;, en la qual l&#8217;\u00cfu ha estat l&#8217;encarregat de presentar la manualitat de El volc\u00e1n a la resta de companys i companyes.<br \/>\nDespr\u00e9s, tots i totes hem fet una llista dels materials&hellip;  <a href=\"https:\/\/agora.xtec.cat\/escolamestralvilanova\/portada\/mi-manualidad-7\/\" title=\"Read MI MANUALIDAD\">Llegeix m\u00e9s\u00bb<\/a><\/p>\n","protected":false},"author":6,"featured_media":0,"comment_status":"open","ping_status":"open","sticky":false,"template":"","format":"standard","meta":{"_bbp_topic_count":0,"_bbp_reply_count":0,"_bbp_total_topic_count":0,"_bbp_total_reply_count":0,"_bbp_voice_count":0,"_bbp_anonymous_reply_count":0,"_bbp_topic_count_hidden":0,"_bbp_reply_count_hidden":0,"_bbp_forum_subforum_count":0,"footnotes":""},"categories":[11,4,5],"tags":[],"class_list":["post-10280","post","type-post","status-publish","format-standard","hentry","category-cicle-inicial","category-portada","category-primaria"],"post_mailing_queue_ids":[],"_links":{"self":[{"href":"https:\/\/agora.xtec.cat\/escolamestralvilanova\/wp-json\/wp\/v2\/posts\/10280","targetHints":{"allow":["GET"]}}],"collection":[{"href":"https:\/\/agora.xtec.cat\/escolamestralvilanova\/wp-json\/wp\/v2\/posts"}],"about":[{"href":"https:\/\/agora.xtec.cat\/escolamestralvilanova\/wp-json\/wp\/v2\/types\/post"}],"author":[{"embeddable":true,"href":"https:\/\/agora.xtec.cat\/escolamestralvilanova\/wp-json\/wp\/v2\/users\/6"}],"replies":[{"embeddable":true,"href":"https:\/\/agora.xtec.cat\/escolamestralvilanova\/wp-json\/wp\/v2\/comments?post=10280"}],"version-history":[{"count":1,"href":"https:\/\/agora.xtec.cat\/escolamestralvilanova\/wp-json\/wp\/v2\/posts\/10280\/revisions"}],"predecessor-version":[{"id":10282,"href":"https:\/\/agora.xtec.cat\/escolamestralvilanova\/wp-json\/wp\/v2\/posts\/10280\/revisions\/10282"}],"wp:attachment":[{"href":"https:\/\/agora.xtec.cat\/escolamestralvilanova\/wp-json\/wp\/v2\/media?parent=10280"}],"wp:term":[{"taxonomy":"category","embeddable":true,"href":"https:\/\/agora.xtec.cat\/escolamestralvilanova\/wp-json\/wp\/v2\/categories?post=10280"},{"taxonomy":"post_tag","embeddable":true,"href":"https:\/\/agora.xtec.cat\/escolamestralvilanova\/wp-json\/wp\/v2\/tags?post=10280"}],"curies":[{"name":"wp","href":"https:\/\/api.w.org\/{rel}","templated":true}]}}