{"id":10276,"date":"2026-01-08T17:09:53","date_gmt":"2026-01-08T16:09:53","guid":{"rendered":"https:\/\/agora.xtec.cat\/escolamestralvilanova\/?p=10276"},"modified":"2026-01-09T13:14:05","modified_gmt":"2026-01-09T12:14:05","slug":"comencem-el-trimestre","status":"publish","type":"post","link":"https:\/\/agora.xtec.cat\/escolamestralvilanova\/infantil\/comencem-el-trimestre\/","title":{"rendered":"COMENCEM EL TRIMESTRE!"},"content":{"rendered":"<p>Despr\u00e9s d\u2019uns dies de vacances, avui hem tornat a l\u2019escola.\u00a0En arribar, tots i totes hem tingut una grata sorpresa, el passad\u00eds estava ple de regals!<\/p>\n<p>Tamb\u00e9, durant la tarda hem realitzat l\u2019activitat \u201cTarda de la joguina\u201d en la qual els infants han pogut portar una joguina de casa i compartir-la amb els seus companys i companyes!<\/p>\n<p>Tots\/es ten\u00edem moltes ganes de veure\u2019ns i ens ho hem passat d\u2019all\u00f2 m\u00e9s b\u00e9!<\/p>\n<ul>\n<li><a href=\"https:\/\/photos.app.goo.gl\/wYFvWnaRJAJ5rqmw5\">ENLLA\u00c7 A LES FOTOGRAFIES<\/a><\/li>\n<\/ul>\n<p><a href=\"https:\/\/photos.app.goo.gl\/wYFvWnaRJAJ5rqmw5\"><img loading=\"lazy\" decoding=\"async\" class=\"alignnone size-medium wp-image-10277\" src=\"https:\/\/agora.xtec.cat\/escolamestralvilanova\/wp-content\/uploads\/usu729\/2026\/01\/REGALS-300x205.png\" alt=\"\" width=\"300\" height=\"205\" srcset=\"https:\/\/agora.xtec.cat\/escolamestralvilanova\/wp-content\/uploads\/usu729\/2026\/01\/REGALS-300x205.png 300w, https:\/\/agora.xtec.cat\/escolamestralvilanova\/wp-content\/uploads\/usu729\/2026\/01\/REGALS.png 395w\" sizes=\"auto, (max-width: 300px) 100vw, 300px\" \/><\/a><\/p>\n","protected":false},"excerpt":{"rendered":"<p>Despr\u00e9s d\u2019uns dies de vacances, avui hem tornat a l\u2019escola.\u00a0En arribar, tots i totes hem tingut una grata sorpresa, el passad\u00eds estava ple de regals!<br \/>\nTamb\u00e9, durant la tarda hem realitzat l\u2019activitat \u201cTarda de la joguina\u201d en la qual els infants han pogut portar una joguina&hellip;  <a href=\"https:\/\/agora.xtec.cat\/escolamestralvilanova\/infantil\/comencem-el-trimestre\/\" title=\"Read COMENCEM EL TRIMESTRE!\">Llegeix m\u00e9s\u00bb<\/a><\/p>\n","protected":false},"author":1,"featured_media":0,"comment_status":"open","ping_status":"open","sticky":false,"template":"","format":"standard","meta":{"_bbp_topic_count":0,"_bbp_reply_count":0,"_bbp_total_topic_count":0,"_bbp_total_reply_count":0,"_bbp_voice_count":0,"_bbp_anonymous_reply_count":0,"_bbp_topic_count_hidden":0,"_bbp_reply_count_hidden":0,"_bbp_forum_subforum_count":0,"footnotes":""},"categories":[2,4,5],"tags":[],"class_list":["post-10276","post","type-post","status-publish","format-standard","hentry","category-infantil","category-portada","category-primaria"],"post_mailing_queue_ids":[],"_links":{"self":[{"href":"https:\/\/agora.xtec.cat\/escolamestralvilanova\/wp-json\/wp\/v2\/posts\/10276","targetHints":{"allow":["GET"]}}],"collection":[{"href":"https:\/\/agora.xtec.cat\/escolamestralvilanova\/wp-json\/wp\/v2\/posts"}],"about":[{"href":"https:\/\/agora.xtec.cat\/escolamestralvilanova\/wp-json\/wp\/v2\/types\/post"}],"author":[{"embeddable":true,"href":"https:\/\/agora.xtec.cat\/escolamestralvilanova\/wp-json\/wp\/v2\/users\/1"}],"replies":[{"embeddable":true,"href":"https:\/\/agora.xtec.cat\/escolamestralvilanova\/wp-json\/wp\/v2\/comments?post=10276"}],"version-history":[{"count":1,"href":"https:\/\/agora.xtec.cat\/escolamestralvilanova\/wp-json\/wp\/v2\/posts\/10276\/revisions"}],"predecessor-version":[{"id":10278,"href":"https:\/\/agora.xtec.cat\/escolamestralvilanova\/wp-json\/wp\/v2\/posts\/10276\/revisions\/10278"}],"wp:attachment":[{"href":"https:\/\/agora.xtec.cat\/escolamestralvilanova\/wp-json\/wp\/v2\/media?parent=10276"}],"wp:term":[{"taxonomy":"category","embeddable":true,"href":"https:\/\/agora.xtec.cat\/escolamestralvilanova\/wp-json\/wp\/v2\/categories?post=10276"},{"taxonomy":"post_tag","embeddable":true,"href":"https:\/\/agora.xtec.cat\/escolamestralvilanova\/wp-json\/wp\/v2\/tags?post=10276"}],"curies":[{"name":"wp","href":"https:\/\/api.w.org\/{rel}","templated":true}]}}