{"id":1022,"date":"2018-12-19T20:25:04","date_gmt":"2018-12-19T19:25:04","guid":{"rendered":"http:\/\/agora.xtec.cat\/escolamestralvilanova\/?p=1022"},"modified":"2018-12-19T20:44:27","modified_gmt":"2018-12-19T19:44:27","slug":"cantem-a-la-residencia","status":"publish","type":"post","link":"https:\/\/agora.xtec.cat\/escolamestralvilanova\/portada\/cantem-a-la-residencia\/","title":{"rendered":"CANTEM A LA RESID\u00c8NCIA"},"content":{"rendered":"<p>Avui els alumnes de Cicle Mitj\u00e0 i Cicle Superior hem anat a cantar a la Resid\u00e8ncia Sant Roc. Despr\u00e9s d&#8217;un passeig fins a la Resid\u00e8ncia, hem cantat les nadales que hem estat assajant durant les darreres setmanes.<\/p>\n<p>Per finalitzar el concert, hem cantat dues nadales juntament amb els padrins i finalment els padrins ens han sorpr\u00e8s, ens han fet un concert!<\/p>\n<p>Ha sigut una experi\u00e8ncia inoblidable! Esperem repetir l&#8217;any vinent!<\/p>\n<p>Visca la m\u00fasica!<\/p>\n<ul>\n<li><a href=\"https:\/\/photos.app.goo.gl\/LbSrdrqguMKxQgzJ9\">ENLLA\u00c7 A LES FOTOGRAFIES<\/a><\/li>\n<\/ul>\n<p><a href=\"https:\/\/agora.xtec.cat\/escolamestralvilanova\/wp-content\/uploads\/usu729\/2018\/12\/IMG_7873.jpg\"><img loading=\"lazy\" decoding=\"async\" class=\"alignnone size-medium wp-image-1023\" src=\"https:\/\/agora.xtec.cat\/escolamestralvilanova\/wp-content\/uploads\/usu729\/2018\/12\/IMG_7873-300x225.jpg\" alt=\"\" width=\"300\" height=\"225\" srcset=\"https:\/\/agora.xtec.cat\/escolamestralvilanova\/wp-content\/uploads\/usu729\/2018\/12\/IMG_7873-300x225.jpg 300w, https:\/\/agora.xtec.cat\/escolamestralvilanova\/wp-content\/uploads\/usu729\/2018\/12\/IMG_7873-768x576.jpg 768w, https:\/\/agora.xtec.cat\/escolamestralvilanova\/wp-content\/uploads\/usu729\/2018\/12\/IMG_7873-1024x768.jpg 1024w, https:\/\/agora.xtec.cat\/escolamestralvilanova\/wp-content\/uploads\/usu729\/2018\/12\/IMG_7873-200x150.jpg 200w, https:\/\/agora.xtec.cat\/escolamestralvilanova\/wp-content\/uploads\/usu729\/2018\/12\/IMG_7873.jpg 2000w\" sizes=\"auto, (max-width: 300px) 100vw, 300px\" \/><\/a><\/p>\n","protected":false},"excerpt":{"rendered":"<p>Avui els alumnes de Cicle Mitj\u00e0 i Cicle Superior hem anat a cantar a la Resid\u00e8ncia Sant Roc. Despr\u00e9s d&#8217;un passeig fins a la Resid\u00e8ncia, hem cantat les nadales que hem estat assajant durant les darreres setmanes.<br \/>\nPer finalitzar el concert, hem cantat dues nadales juntament&hellip;  <a href=\"https:\/\/agora.xtec.cat\/escolamestralvilanova\/portada\/cantem-a-la-residencia\/\" title=\"Read CANTEM A LA RESID\u00c8NCIA\">Llegeix m\u00e9s\u00bb<\/a><\/p>\n","protected":false},"author":1,"featured_media":0,"comment_status":"open","ping_status":"closed","sticky":false,"template":"","format":"standard","meta":{"_bbp_topic_count":0,"_bbp_reply_count":0,"_bbp_total_topic_count":0,"_bbp_total_reply_count":0,"_bbp_voice_count":0,"_bbp_anonymous_reply_count":0,"_bbp_topic_count_hidden":0,"_bbp_reply_count_hidden":0,"_bbp_forum_subforum_count":0,"footnotes":""},"categories":[13,12,15,53,4,5],"tags":[],"class_list":["post-1022","post","type-post","status-publish","format-standard","hentry","category-cinque","category-tercer-quart","category-cicle-superior","category-lespai-musical","category-portada","category-primaria"],"post_mailing_queue_ids":[],"_links":{"self":[{"href":"https:\/\/agora.xtec.cat\/escolamestralvilanova\/wp-json\/wp\/v2\/posts\/1022","targetHints":{"allow":["GET"]}}],"collection":[{"href":"https:\/\/agora.xtec.cat\/escolamestralvilanova\/wp-json\/wp\/v2\/posts"}],"about":[{"href":"https:\/\/agora.xtec.cat\/escolamestralvilanova\/wp-json\/wp\/v2\/types\/post"}],"author":[{"embeddable":true,"href":"https:\/\/agora.xtec.cat\/escolamestralvilanova\/wp-json\/wp\/v2\/users\/1"}],"replies":[{"embeddable":true,"href":"https:\/\/agora.xtec.cat\/escolamestralvilanova\/wp-json\/wp\/v2\/comments?post=1022"}],"version-history":[{"count":3,"href":"https:\/\/agora.xtec.cat\/escolamestralvilanova\/wp-json\/wp\/v2\/posts\/1022\/revisions"}],"predecessor-version":[{"id":1028,"href":"https:\/\/agora.xtec.cat\/escolamestralvilanova\/wp-json\/wp\/v2\/posts\/1022\/revisions\/1028"}],"wp:attachment":[{"href":"https:\/\/agora.xtec.cat\/escolamestralvilanova\/wp-json\/wp\/v2\/media?parent=1022"}],"wp:term":[{"taxonomy":"category","embeddable":true,"href":"https:\/\/agora.xtec.cat\/escolamestralvilanova\/wp-json\/wp\/v2\/categories?post=1022"},{"taxonomy":"post_tag","embeddable":true,"href":"https:\/\/agora.xtec.cat\/escolamestralvilanova\/wp-json\/wp\/v2\/tags?post=1022"}],"curies":[{"name":"wp","href":"https:\/\/api.w.org\/{rel}","templated":true}]}}