{"id":10196,"date":"2025-11-24T13:41:35","date_gmt":"2025-11-24T12:41:35","guid":{"rendered":"https:\/\/agora.xtec.cat\/escolamestralvilanova\/?p=10196"},"modified":"2025-11-24T13:41:35","modified_gmt":"2025-11-24T12:41:35","slug":"viii-setmana-de-les-arts","status":"publish","type":"post","link":"https:\/\/agora.xtec.cat\/escolamestralvilanova\/infantil\/viii-setmana-de-les-arts\/","title":{"rendered":"VIII SETMANA DE LES ARTS"},"content":{"rendered":"<p>La setmana passada tot l&#8217;alumnat de l&#8217;escola vam dur a terme diferents activitats art\u00edstiques per celebrar la VIII Setmana de les Arts. L&#8217;edici\u00f3 d&#8217;aquest any ha girat entorn al Modernisme, ja que l&#8217;any 2026 estar\u00e0 dedicat a commemorar l&#8217;arquitecte catal\u00e0 Antoni Gaud\u00ed i Cornet.<\/p>\n<ul>\n<li><a href=\"https:\/\/photos.app.goo.gl\/qxeQBWG7PeqmV64r6\">ENLLA\u00c7 A LES FOTOGRAFIES<\/a><\/li>\n<\/ul>\n<p><a href=\"https:\/\/agora.xtec.cat\/escolamestralvilanova\/wp-content\/uploads\/usu729\/2025\/11\/ART.png\"><img loading=\"lazy\" decoding=\"async\" class=\"alignnone size-full wp-image-10197\" src=\"https:\/\/agora.xtec.cat\/escolamestralvilanova\/wp-content\/uploads\/usu729\/2025\/11\/ART.png\" alt=\"\" width=\"245\" height=\"278\" \/><\/a><\/p>\n","protected":false},"excerpt":{"rendered":"<p>La setmana passada tot l&#8217;alumnat de l&#8217;escola vam dur a terme diferents activitats art\u00edstiques per celebrar la VIII Setmana de les Arts. L&#8217;edici\u00f3 d&#8217;aquest any ha girat entorn al Modernisme, ja que l&#8217;any 2026 estar\u00e0 dedicat a commemorar l&#8217;arquitecte catal\u00e0 Antoni Gaud\u00ed i Cornet.<\/p>\n<ul>\n<li><a href=\"https:\/\/photos.app.goo.gl\/qxeQBWG7PeqmV64r6\">ENLLA\u00c7&hellip;  <a href=\"https:\/\/agora.xtec.cat\/escolamestralvilanova\/infantil\/viii-setmana-de-les-arts\/\" title=\"Read VIII SETMANA DE LES ARTS\">Llegeix m\u00e9s\u00bb<\/a><br \/>\n","protected":false},"author":1,"featured_media":0,"comment_status":"open","ping_status":"open","sticky":false,"template":"","format":"standard","meta":{"_bbp_topic_count":0,"_bbp_reply_count":0,"_bbp_total_topic_count":0,"_bbp_total_reply_count":0,"_bbp_voice_count":0,"_bbp_anonymous_reply_count":0,"_bbp_topic_count_hidden":0,"_bbp_reply_count_hidden":0,"_bbp_forum_subforum_count":0,"footnotes":""},"categories":[2,4,5],"tags":[],"class_list":["post-10196","post","type-post","status-publish","format-standard","hentry","category-infantil","category-portada","category-primaria"],"post_mailing_queue_ids":[],"_links":{"self":[{"href":"https:\/\/agora.xtec.cat\/escolamestralvilanova\/wp-json\/wp\/v2\/posts\/10196","targetHints":{"allow":["GET"]}}],"collection":[{"href":"https:\/\/agora.xtec.cat\/escolamestralvilanova\/wp-json\/wp\/v2\/posts"}],"about":[{"href":"https:\/\/agora.xtec.cat\/escolamestralvilanova\/wp-json\/wp\/v2\/types\/post"}],"author":[{"embeddable":true,"href":"https:\/\/agora.xtec.cat\/escolamestralvilanova\/wp-json\/wp\/v2\/users\/1"}],"replies":[{"embeddable":true,"href":"https:\/\/agora.xtec.cat\/escolamestralvilanova\/wp-json\/wp\/v2\/comments?post=10196"}],"version-history":[{"count":1,"href":"https:\/\/agora.xtec.cat\/escolamestralvilanova\/wp-json\/wp\/v2\/posts\/10196\/revisions"}],"predecessor-version":[{"id":10198,"href":"https:\/\/agora.xtec.cat\/escolamestralvilanova\/wp-json\/wp\/v2\/posts\/10196\/revisions\/10198"}],"wp:attachment":[{"href":"https:\/\/agora.xtec.cat\/escolamestralvilanova\/wp-json\/wp\/v2\/media?parent=10196"}],"wp:term":[{"taxonomy":"category","embeddable":true,"href":"https:\/\/agora.xtec.cat\/escolamestralvilanova\/wp-json\/wp\/v2\/categories?post=10196"},{"taxonomy":"post_tag","embeddable":true,"href":"https:\/\/agora.xtec.cat\/escolamestralvilanova\/wp-json\/wp\/v2\/tags?post=10196"}],"curies":[{"name":"wp","href":"https:\/\/api.w.org\/{rel}","templated":true}]}}