{"id":10184,"date":"2025-11-14T11:51:02","date_gmt":"2025-11-14T10:51:02","guid":{"rendered":"https:\/\/agora.xtec.cat\/escolamestralvilanova\/?p=10184"},"modified":"2025-11-14T11:51:02","modified_gmt":"2025-11-14T10:51:02","slug":"mi-manualidad-4","status":"publish","type":"post","link":"https:\/\/agora.xtec.cat\/escolamestralvilanova\/general\/mi-manualidad-4\/","title":{"rendered":"MI MANUALIDAD"},"content":{"rendered":"<p style=\"text-align: justify;\">Avui a l&#8217;aula de Cicle Inicial hem realitzat l&#8217;activitat d&#8217;expressi\u00f3 oral &#8220;Mi manualidad&#8221;, en la qual la Dana Balagu\u00e9 ha estat l&#8217;encarregada de presentar la manualitat de <strong>Mu\u00f1eco de fieltro<\/strong>\u00a0a la resta de companys i companyes.<\/p>\n<p style=\"text-align: justify;\">Despr\u00e9s, tots i totes hem fet una llista dels materials necessaris i de les instruccions necess\u00e0ries.<\/p>\n<ul>\n<li><a href=\"https:\/\/photos.app.goo.gl\/ARHQ1LVTVtRvsggT8\">ENLLA\u00c7 A LES FOTOGRAFIES<\/a><\/li>\n<\/ul>\n<p><a href=\"https:\/\/agora.xtec.cat\/escolamestralvilanova\/wp-content\/uploads\/usu729\/2025\/11\/IMG_20251114_095320.jpg\"><img loading=\"lazy\" decoding=\"async\" class=\"alignleft wp-image-10187 size-medium\" src=\"https:\/\/agora.xtec.cat\/escolamestralvilanova\/wp-content\/uploads\/usu729\/2025\/11\/IMG_20251114_095320-169x300.jpg\" alt=\"\" width=\"169\" height=\"300\" srcset=\"https:\/\/agora.xtec.cat\/escolamestralvilanova\/wp-content\/uploads\/usu729\/2025\/11\/IMG_20251114_095320-169x300.jpg 169w, https:\/\/agora.xtec.cat\/escolamestralvilanova\/wp-content\/uploads\/usu729\/2025\/11\/IMG_20251114_095320.jpg 517w\" sizes=\"auto, (max-width: 169px) 100vw, 169px\" \/><\/a><\/p>\n","protected":false},"excerpt":{"rendered":"<p>Avui a l&#8217;aula de Cicle Inicial hem realitzat l&#8217;activitat d&#8217;expressi\u00f3 oral &#8220;Mi manualidad&#8221;, en la qual la Dana Balagu\u00e9 ha estat l&#8217;encarregada de presentar la manualitat de Mu\u00f1eco de fieltro\u00a0a la resta de companys i companyes.<br \/>\nDespr\u00e9s, tots i totes hem fet una llista dels materials&hellip;  <a href=\"https:\/\/agora.xtec.cat\/escolamestralvilanova\/general\/mi-manualidad-4\/\" title=\"Read MI MANUALIDAD\">Llegeix m\u00e9s\u00bb<\/a><\/p>\n","protected":false},"author":6,"featured_media":0,"comment_status":"open","ping_status":"open","sticky":false,"template":"","format":"standard","meta":{"_bbp_topic_count":0,"_bbp_reply_count":0,"_bbp_total_topic_count":0,"_bbp_total_reply_count":0,"_bbp_voice_count":0,"_bbp_anonymous_reply_count":0,"_bbp_topic_count_hidden":0,"_bbp_reply_count_hidden":0,"_bbp_forum_subforum_count":0,"footnotes":""},"categories":[11,1,4,5],"tags":[],"class_list":["post-10184","post","type-post","status-publish","format-standard","hentry","category-cicle-inicial","category-general","category-portada","category-primaria"],"post_mailing_queue_ids":[],"_links":{"self":[{"href":"https:\/\/agora.xtec.cat\/escolamestralvilanova\/wp-json\/wp\/v2\/posts\/10184","targetHints":{"allow":["GET"]}}],"collection":[{"href":"https:\/\/agora.xtec.cat\/escolamestralvilanova\/wp-json\/wp\/v2\/posts"}],"about":[{"href":"https:\/\/agora.xtec.cat\/escolamestralvilanova\/wp-json\/wp\/v2\/types\/post"}],"author":[{"embeddable":true,"href":"https:\/\/agora.xtec.cat\/escolamestralvilanova\/wp-json\/wp\/v2\/users\/6"}],"replies":[{"embeddable":true,"href":"https:\/\/agora.xtec.cat\/escolamestralvilanova\/wp-json\/wp\/v2\/comments?post=10184"}],"version-history":[{"count":3,"href":"https:\/\/agora.xtec.cat\/escolamestralvilanova\/wp-json\/wp\/v2\/posts\/10184\/revisions"}],"predecessor-version":[{"id":10188,"href":"https:\/\/agora.xtec.cat\/escolamestralvilanova\/wp-json\/wp\/v2\/posts\/10184\/revisions\/10188"}],"wp:attachment":[{"href":"https:\/\/agora.xtec.cat\/escolamestralvilanova\/wp-json\/wp\/v2\/media?parent=10184"}],"wp:term":[{"taxonomy":"category","embeddable":true,"href":"https:\/\/agora.xtec.cat\/escolamestralvilanova\/wp-json\/wp\/v2\/categories?post=10184"},{"taxonomy":"post_tag","embeddable":true,"href":"https:\/\/agora.xtec.cat\/escolamestralvilanova\/wp-json\/wp\/v2\/tags?post=10184"}],"curies":[{"name":"wp","href":"https:\/\/api.w.org\/{rel}","templated":true}]}}