{"id":10158,"date":"2025-11-11T13:38:03","date_gmt":"2025-11-11T12:38:03","guid":{"rendered":"https:\/\/agora.xtec.cat\/escolamestralvilanova\/?p=10158"},"modified":"2025-11-11T13:38:03","modified_gmt":"2025-11-11T12:38:03","slug":"anem-a-agronoms","status":"publish","type":"post","link":"https:\/\/agora.xtec.cat\/escolamestralvilanova\/general\/anem-a-agronoms\/","title":{"rendered":"ANEM A AGR\u00d2NOMS"},"content":{"rendered":"<p>El passat dijous 6 de novembre l&#8217;alumnat de Cicle Superior i Cicle Mitj\u00e0 vam anar a la facultat d&#8217;Agr\u00f2noms de Lleida per realitzar dos tallers:<\/p>\n<ul>\n<li><em>El perfil del s\u00f2l: viatge pels seus horitzons<\/em><\/li>\n<li><em>Cultivem el nostre menjar<\/em><\/li>\n<\/ul>\n<p>Ens va agrada molt i ens ho vam passar molt b\u00e9.<\/p>\n<p>Moltes gr\u00e0cies a l&#8217;Aida Bargu\u00e9s i el seu equip!!!<\/p>\n<ul>\n<li><a href=\"https:\/\/photos.app.goo.gl\/LSDLUEdCEbtYXWJe7\">ENLLA\u00c7 A LES FOTOGRAFIES<\/a><\/li>\n<\/ul>\n<p><a href=\"https:\/\/photos.app.goo.gl\/LSDLUEdCEbtYXWJe7\"><img loading=\"lazy\" decoding=\"async\" class=\"alignnone size-full wp-image-10161\" src=\"https:\/\/agora.xtec.cat\/escolamestralvilanova\/wp-content\/uploads\/usu729\/2025\/11\/agronoms.png\" alt=\"\" width=\"274\" height=\"278\" \/><\/a><\/p>\n","protected":false},"excerpt":{"rendered":"<p>El passat dijous 6 de novembre l&#8217;alumnat de Cicle Superior i Cicle Mitj\u00e0 vam anar a la facultat d&#8217;Agr\u00f2noms de Lleida per realitzar dos tallers:<\/p>\n<ul>\n<li>El perfil del s\u00f2l: viatge pels seus horitzons<\/li>\n<li>Cultivem el nostre menjar<\/li>\n<\/ul>\n<p>Ens va agrada molt i ens ho vam passar molt b\u00e9.<br \/>\nMoltes&hellip;  <a href=\"https:\/\/agora.xtec.cat\/escolamestralvilanova\/general\/anem-a-agronoms\/\" title=\"Read ANEM A AGR\u00d2NOMS\">Llegeix m\u00e9s\u00bb<\/a><\/p>\n","protected":false},"author":1,"featured_media":0,"comment_status":"open","ping_status":"open","sticky":false,"template":"","format":"standard","meta":{"_bbp_topic_count":0,"_bbp_reply_count":0,"_bbp_total_topic_count":0,"_bbp_total_reply_count":0,"_bbp_voice_count":0,"_bbp_anonymous_reply_count":0,"_bbp_topic_count_hidden":0,"_bbp_reply_count_hidden":0,"_bbp_forum_subforum_count":0,"footnotes":""},"categories":[12,15,1,4,5],"tags":[],"class_list":["post-10158","post","type-post","status-publish","format-standard","hentry","category-tercer-quart","category-cicle-superior","category-general","category-portada","category-primaria"],"post_mailing_queue_ids":[],"_links":{"self":[{"href":"https:\/\/agora.xtec.cat\/escolamestralvilanova\/wp-json\/wp\/v2\/posts\/10158","targetHints":{"allow":["GET"]}}],"collection":[{"href":"https:\/\/agora.xtec.cat\/escolamestralvilanova\/wp-json\/wp\/v2\/posts"}],"about":[{"href":"https:\/\/agora.xtec.cat\/escolamestralvilanova\/wp-json\/wp\/v2\/types\/post"}],"author":[{"embeddable":true,"href":"https:\/\/agora.xtec.cat\/escolamestralvilanova\/wp-json\/wp\/v2\/users\/1"}],"replies":[{"embeddable":true,"href":"https:\/\/agora.xtec.cat\/escolamestralvilanova\/wp-json\/wp\/v2\/comments?post=10158"}],"version-history":[{"count":3,"href":"https:\/\/agora.xtec.cat\/escolamestralvilanova\/wp-json\/wp\/v2\/posts\/10158\/revisions"}],"predecessor-version":[{"id":10162,"href":"https:\/\/agora.xtec.cat\/escolamestralvilanova\/wp-json\/wp\/v2\/posts\/10158\/revisions\/10162"}],"wp:attachment":[{"href":"https:\/\/agora.xtec.cat\/escolamestralvilanova\/wp-json\/wp\/v2\/media?parent=10158"}],"wp:term":[{"taxonomy":"category","embeddable":true,"href":"https:\/\/agora.xtec.cat\/escolamestralvilanova\/wp-json\/wp\/v2\/categories?post=10158"},{"taxonomy":"post_tag","embeddable":true,"href":"https:\/\/agora.xtec.cat\/escolamestralvilanova\/wp-json\/wp\/v2\/tags?post=10158"}],"curies":[{"name":"wp","href":"https:\/\/api.w.org\/{rel}","templated":true}]}}