{"id":10144,"date":"2025-10-31T13:22:42","date_gmt":"2025-10-31T12:22:42","guid":{"rendered":"https:\/\/agora.xtec.cat\/escolamestralvilanova\/?p=10144"},"modified":"2025-10-31T13:23:35","modified_gmt":"2025-10-31T12:23:35","slug":"la-castanyada-pa-pessic-de-carabassa","status":"publish","type":"post","link":"https:\/\/agora.xtec.cat\/escolamestralvilanova\/infantil\/la-castanyada-pa-pessic-de-carabassa\/","title":{"rendered":"LA CASTANYADA: PA PESSIC DE CARABASSA"},"content":{"rendered":"<p style=\"text-align: justify;\">Ahir tots els i les alumnes de l&#8217;escola vam elaborar el producte per vendre&#8217;l al Mercat de Tardor d&#8217;avui: PA DE PESSIC DE CARABASSA!<\/p>\n<p style=\"text-align: justify;\">Ens ho vam passar molt b\u00e9 seguint la recepta!<\/p>\n<p style=\"text-align: justify;\">Aprofitem aquestes l\u00ednies per donar les gr\u00e0cies a la S\u00f2nia i l&#8217;Adri\u00e0 per ajudar-nos a coure&#8217;l. GR\u00c0CIES!!!!<\/p>\n<p style=\"text-align: justify;\">Esperem que us agradi!<\/p>\n<ul>\n<li style=\"text-align: justify;\"><a href=\"https:\/\/photos.app.goo.gl\/6Kevso7b5A8mEhED8\">ENLLA\u00c7 A LES FOTOGRAFIES<\/a><\/li>\n<\/ul>\n<p><a href=\"https:\/\/photos.app.goo.gl\/6Kevso7b5A8mEhED8\"><img loading=\"lazy\" decoding=\"async\" class=\"alignnone size-medium wp-image-10145\" src=\"https:\/\/agora.xtec.cat\/escolamestralvilanova\/wp-content\/uploads\/usu729\/2025\/10\/CARABASSA-300x215.png\" alt=\"\" width=\"300\" height=\"215\" srcset=\"https:\/\/agora.xtec.cat\/escolamestralvilanova\/wp-content\/uploads\/usu729\/2025\/10\/CARABASSA-300x215.png 300w, https:\/\/agora.xtec.cat\/escolamestralvilanova\/wp-content\/uploads\/usu729\/2025\/10\/CARABASSA-1024x734.png 1024w, https:\/\/agora.xtec.cat\/escolamestralvilanova\/wp-content\/uploads\/usu729\/2025\/10\/CARABASSA-768x550.png 768w, https:\/\/agora.xtec.cat\/escolamestralvilanova\/wp-content\/uploads\/usu729\/2025\/10\/CARABASSA.png 1271w\" sizes=\"auto, (max-width: 300px) 100vw, 300px\" \/><\/a><\/p>\n","protected":false},"excerpt":{"rendered":"<p>Ahir tots els i les alumnes de l&#8217;escola vam elaborar el producte per vendre&#8217;l al Mercat de Tardor d&#8217;avui: PA DE PESSIC DE CARABASSA!<br \/>\nEns ho vam passar molt b\u00e9 seguint la recepta!<br \/>\nAprofitem aquestes l\u00ednies per donar les gr\u00e0cies a la S\u00f2nia i l&#8217;Adri\u00e0 per ajudar-nos&hellip;  <a href=\"https:\/\/agora.xtec.cat\/escolamestralvilanova\/infantil\/la-castanyada-pa-pessic-de-carabassa\/\" title=\"Read LA CASTANYADA: PA PESSIC DE CARABASSA\">Llegeix m\u00e9s\u00bb<\/a><\/p>\n","protected":false},"author":1,"featured_media":0,"comment_status":"open","ping_status":"closed","sticky":false,"template":"","format":"standard","meta":{"_bbp_topic_count":0,"_bbp_reply_count":0,"_bbp_total_topic_count":0,"_bbp_total_reply_count":0,"_bbp_voice_count":0,"_bbp_anonymous_reply_count":0,"_bbp_topic_count_hidden":0,"_bbp_reply_count_hidden":0,"_bbp_forum_subforum_count":0,"footnotes":""},"categories":[2,4,5],"tags":[],"class_list":["post-10144","post","type-post","status-publish","format-standard","hentry","category-infantil","category-portada","category-primaria"],"post_mailing_queue_ids":[],"_links":{"self":[{"href":"https:\/\/agora.xtec.cat\/escolamestralvilanova\/wp-json\/wp\/v2\/posts\/10144","targetHints":{"allow":["GET"]}}],"collection":[{"href":"https:\/\/agora.xtec.cat\/escolamestralvilanova\/wp-json\/wp\/v2\/posts"}],"about":[{"href":"https:\/\/agora.xtec.cat\/escolamestralvilanova\/wp-json\/wp\/v2\/types\/post"}],"author":[{"embeddable":true,"href":"https:\/\/agora.xtec.cat\/escolamestralvilanova\/wp-json\/wp\/v2\/users\/1"}],"replies":[{"embeddable":true,"href":"https:\/\/agora.xtec.cat\/escolamestralvilanova\/wp-json\/wp\/v2\/comments?post=10144"}],"version-history":[{"count":2,"href":"https:\/\/agora.xtec.cat\/escolamestralvilanova\/wp-json\/wp\/v2\/posts\/10144\/revisions"}],"predecessor-version":[{"id":10148,"href":"https:\/\/agora.xtec.cat\/escolamestralvilanova\/wp-json\/wp\/v2\/posts\/10144\/revisions\/10148"}],"wp:attachment":[{"href":"https:\/\/agora.xtec.cat\/escolamestralvilanova\/wp-json\/wp\/v2\/media?parent=10144"}],"wp:term":[{"taxonomy":"category","embeddable":true,"href":"https:\/\/agora.xtec.cat\/escolamestralvilanova\/wp-json\/wp\/v2\/categories?post=10144"},{"taxonomy":"post_tag","embeddable":true,"href":"https:\/\/agora.xtec.cat\/escolamestralvilanova\/wp-json\/wp\/v2\/tags?post=10144"}],"curies":[{"name":"wp","href":"https:\/\/api.w.org\/{rel}","templated":true}]}}