{"id":10133,"date":"2025-10-30T12:00:22","date_gmt":"2025-10-30T11:00:22","guid":{"rendered":"https:\/\/agora.xtec.cat\/escolamestralvilanova\/?p=10133"},"modified":"2025-10-30T12:38:40","modified_gmt":"2025-10-30T11:38:40","slug":"fem-un-prego-9","status":"publish","type":"post","link":"https:\/\/agora.xtec.cat\/escolamestralvilanova\/portada\/fem-un-prego-9\/","title":{"rendered":"LA CASTANYADA: FEM UN PREG\u00d3!"},"content":{"rendered":"<p style=\"text-align: justify;\">Aquest mat\u00ed, els alumnes de cicle inicial hem anat a fer un preg\u00f3 a l\u2019Ajuntament per tal d\u2019anunciar el \u201cMercat de Tardor\u201d. Els infants de primer han acompanyat i els de segon han sigut els encarregats\/des de fer el preg\u00f3.<\/p>\n<p style=\"text-align: justify;\">Us recordem que el &#8220;<strong>Mercat de tardor<\/strong>&#8221; es realitzar\u00e0 al pati de l\u2019escola el proper divendres 31 d\u2019octubre a les 16 hores.<\/p>\n<p style=\"text-align: justify;\">Ens ha agradat molt!<\/p>\n<ul>\n<li><a href=\"https:\/\/photos.app.goo.gl\/vURLtdGffsK1zTcP8\">ENLLA\u00c7 AL V\u00cdDEO DEL PREG\u00d3<\/a><\/li>\n<\/ul>\n<p><a href=\"https:\/\/photos.app.goo.gl\/vURLtdGffsK1zTcP8\"><img loading=\"lazy\" decoding=\"async\" class=\"alignnone wp-image-10134 size-medium\" src=\"https:\/\/agora.xtec.cat\/escolamestralvilanova\/wp-content\/uploads\/usu729\/2025\/10\/unnamed-e1761824256639-265x300.jpg\" alt=\"\" width=\"265\" height=\"300\" srcset=\"https:\/\/agora.xtec.cat\/escolamestralvilanova\/wp-content\/uploads\/usu729\/2025\/10\/unnamed-e1761824256639-265x300.jpg 265w, https:\/\/agora.xtec.cat\/escolamestralvilanova\/wp-content\/uploads\/usu729\/2025\/10\/unnamed-e1761824256639-904x1024.jpg 904w, https:\/\/agora.xtec.cat\/escolamestralvilanova\/wp-content\/uploads\/usu729\/2025\/10\/unnamed-e1761824256639-768x870.jpg 768w, https:\/\/agora.xtec.cat\/escolamestralvilanova\/wp-content\/uploads\/usu729\/2025\/10\/unnamed-e1761824256639.jpg 1148w\" sizes=\"auto, (max-width: 265px) 100vw, 265px\" \/><\/a><\/p>\n","protected":false},"excerpt":{"rendered":"<p>Aquest mat\u00ed, els alumnes de cicle inicial hem anat a fer un preg\u00f3 a l\u2019Ajuntament per tal d\u2019anunciar el \u201cMercat de Tardor\u201d. Els infants de primer han acompanyat i els de segon han sigut els encarregats\/des de fer el preg\u00f3.<br \/>\nUs recordem que el &#8220;Mercat de&hellip;  <a href=\"https:\/\/agora.xtec.cat\/escolamestralvilanova\/portada\/fem-un-prego-9\/\" title=\"Read LA CASTANYADA: FEM UN PREG\u00d3!\">Llegeix m\u00e9s\u00bb<\/a><\/p>\n","protected":false},"author":6,"featured_media":0,"comment_status":"open","ping_status":"open","sticky":false,"template":"","format":"standard","meta":{"_bbp_topic_count":0,"_bbp_reply_count":0,"_bbp_total_topic_count":0,"_bbp_total_reply_count":0,"_bbp_voice_count":0,"_bbp_anonymous_reply_count":0,"_bbp_topic_count_hidden":0,"_bbp_reply_count_hidden":0,"_bbp_forum_subforum_count":0,"footnotes":""},"categories":[11,4,5],"tags":[],"class_list":["post-10133","post","type-post","status-publish","format-standard","hentry","category-cicle-inicial","category-portada","category-primaria"],"post_mailing_queue_ids":[],"_links":{"self":[{"href":"https:\/\/agora.xtec.cat\/escolamestralvilanova\/wp-json\/wp\/v2\/posts\/10133","targetHints":{"allow":["GET"]}}],"collection":[{"href":"https:\/\/agora.xtec.cat\/escolamestralvilanova\/wp-json\/wp\/v2\/posts"}],"about":[{"href":"https:\/\/agora.xtec.cat\/escolamestralvilanova\/wp-json\/wp\/v2\/types\/post"}],"author":[{"embeddable":true,"href":"https:\/\/agora.xtec.cat\/escolamestralvilanova\/wp-json\/wp\/v2\/users\/6"}],"replies":[{"embeddable":true,"href":"https:\/\/agora.xtec.cat\/escolamestralvilanova\/wp-json\/wp\/v2\/comments?post=10133"}],"version-history":[{"count":4,"href":"https:\/\/agora.xtec.cat\/escolamestralvilanova\/wp-json\/wp\/v2\/posts\/10133\/revisions"}],"predecessor-version":[{"id":10138,"href":"https:\/\/agora.xtec.cat\/escolamestralvilanova\/wp-json\/wp\/v2\/posts\/10133\/revisions\/10138"}],"wp:attachment":[{"href":"https:\/\/agora.xtec.cat\/escolamestralvilanova\/wp-json\/wp\/v2\/media?parent=10133"}],"wp:term":[{"taxonomy":"category","embeddable":true,"href":"https:\/\/agora.xtec.cat\/escolamestralvilanova\/wp-json\/wp\/v2\/categories?post=10133"},{"taxonomy":"post_tag","embeddable":true,"href":"https:\/\/agora.xtec.cat\/escolamestralvilanova\/wp-json\/wp\/v2\/tags?post=10133"}],"curies":[{"name":"wp","href":"https:\/\/api.w.org\/{rel}","templated":true}]}}