{"id":10126,"date":"2025-10-30T09:27:08","date_gmt":"2025-10-30T08:27:08","guid":{"rendered":"https:\/\/agora.xtec.cat\/escolamestralvilanova\/?p=10126"},"modified":"2025-10-30T09:28:05","modified_gmt":"2025-10-30T08:28:05","slug":"la-castanyada-fem-panellets","status":"publish","type":"post","link":"https:\/\/agora.xtec.cat\/escolamestralvilanova\/infantil\/la-castanyada-fem-panellets\/","title":{"rendered":"LA CASTANYADA: FEM PANELLETS!"},"content":{"rendered":"<p>Ahir tots els i les alumnes de l&#8217;escola vam elaborar panellets de diferents gustos: coco, atmella, xocolata, codonyat, pinyons\u2026<\/p>\n<p>Una vegada han reposat, els hem portat a coure al forn de la S\u00f2nia i l&#8217;Adri\u00e0, moltes gr\u00e0cies!!!<\/p>\n<p>Mireu quina bona pinta!<\/p>\n<ul>\n<li><a href=\"https:\/\/photos.app.goo.gl\/iK3RaP34BEzWbiyF7\">ENLLA\u00c7 A LES FOTOGRAFIES<\/a><\/li>\n<\/ul>\n<p><a href=\"https:\/\/photos.app.goo.gl\/iK3RaP34BEzWbiyF7\"><img loading=\"lazy\" decoding=\"async\" class=\"alignnone wp-image-10128 size-medium\" src=\"https:\/\/agora.xtec.cat\/escolamestralvilanova\/wp-content\/uploads\/usu729\/2025\/10\/Captura-de-Pantalla-2025-10-30-a-les-9.25.48-300x207.png\" alt=\"\" width=\"300\" height=\"207\" srcset=\"https:\/\/agora.xtec.cat\/escolamestralvilanova\/wp-content\/uploads\/usu729\/2025\/10\/Captura-de-Pantalla-2025-10-30-a-les-9.25.48-300x207.png 300w, https:\/\/agora.xtec.cat\/escolamestralvilanova\/wp-content\/uploads\/usu729\/2025\/10\/Captura-de-Pantalla-2025-10-30-a-les-9.25.48-768x529.png 768w, https:\/\/agora.xtec.cat\/escolamestralvilanova\/wp-content\/uploads\/usu729\/2025\/10\/Captura-de-Pantalla-2025-10-30-a-les-9.25.48.png 908w\" sizes=\"auto, (max-width: 300px) 100vw, 300px\" \/><\/a><\/p>\n","protected":false},"excerpt":{"rendered":"<p>Ahir tots els i les alumnes de l&#8217;escola vam elaborar panellets de diferents gustos: coco, atmella, xocolata, codonyat, pinyons\u2026<br \/>\nUna vegada han reposat, els hem portat a coure al forn de la S\u00f2nia i l&#8217;Adri\u00e0, moltes gr\u00e0cies!!!<br \/>\nMireu quina bona pinta!<\/p>\n<ul>\n<li><a href=\"https:\/\/photos.app.goo.gl\/iK3RaP34BEzWbiyF7\">ENLLA\u00c7 A LES FOTOGRAFIES<\/a><\/li>\n<\/ul>\n<p><a href=\"https:\/\/photos.app.goo.gl\/iK3RaP34BEzWbiyF7\"><\/a><\/p>\n","protected":false},"author":1,"featured_media":0,"comment_status":"open","ping_status":"closed","sticky":false,"template":"","format":"standard","meta":{"_bbp_topic_count":0,"_bbp_reply_count":0,"_bbp_total_topic_count":0,"_bbp_total_reply_count":0,"_bbp_voice_count":0,"_bbp_anonymous_reply_count":0,"_bbp_topic_count_hidden":0,"_bbp_reply_count_hidden":0,"_bbp_forum_subforum_count":0,"footnotes":""},"categories":[2,4,5],"tags":[],"class_list":["post-10126","post","type-post","status-publish","format-standard","hentry","category-infantil","category-portada","category-primaria"],"post_mailing_queue_ids":[],"_links":{"self":[{"href":"https:\/\/agora.xtec.cat\/escolamestralvilanova\/wp-json\/wp\/v2\/posts\/10126","targetHints":{"allow":["GET"]}}],"collection":[{"href":"https:\/\/agora.xtec.cat\/escolamestralvilanova\/wp-json\/wp\/v2\/posts"}],"about":[{"href":"https:\/\/agora.xtec.cat\/escolamestralvilanova\/wp-json\/wp\/v2\/types\/post"}],"author":[{"embeddable":true,"href":"https:\/\/agora.xtec.cat\/escolamestralvilanova\/wp-json\/wp\/v2\/users\/1"}],"replies":[{"embeddable":true,"href":"https:\/\/agora.xtec.cat\/escolamestralvilanova\/wp-json\/wp\/v2\/comments?post=10126"}],"version-history":[{"count":2,"href":"https:\/\/agora.xtec.cat\/escolamestralvilanova\/wp-json\/wp\/v2\/posts\/10126\/revisions"}],"predecessor-version":[{"id":10130,"href":"https:\/\/agora.xtec.cat\/escolamestralvilanova\/wp-json\/wp\/v2\/posts\/10126\/revisions\/10130"}],"wp:attachment":[{"href":"https:\/\/agora.xtec.cat\/escolamestralvilanova\/wp-json\/wp\/v2\/media?parent=10126"}],"wp:term":[{"taxonomy":"category","embeddable":true,"href":"https:\/\/agora.xtec.cat\/escolamestralvilanova\/wp-json\/wp\/v2\/categories?post=10126"},{"taxonomy":"post_tag","embeddable":true,"href":"https:\/\/agora.xtec.cat\/escolamestralvilanova\/wp-json\/wp\/v2\/tags?post=10126"}],"curies":[{"name":"wp","href":"https:\/\/api.w.org\/{rel}","templated":true}]}}