{"id":10110,"date":"2025-10-20T13:52:56","date_gmt":"2025-10-20T11:52:56","guid":{"rendered":"https:\/\/agora.xtec.cat\/escolamestralvilanova\/?p=10110"},"modified":"2025-10-20T13:53:24","modified_gmt":"2025-10-20T11:53:24","slug":"passeig-de-tardor-10","status":"publish","type":"post","link":"https:\/\/agora.xtec.cat\/escolamestralvilanova\/infantil\/passeig-de-tardor-10\/","title":{"rendered":"PASSEIG DE TARDOR"},"content":{"rendered":"<p style=\"text-align: justify;\">Avui 20 d&#8217;octubre, tots els alumnes des d&#8217;I3 fins a 6\u00e8 han anat a passejar pel riu. Hem sortit de l&#8217;escola a les 10:20h del mat\u00ed, avui hem caminat 3km 750m en 01 i 25m. Al comen\u00e7ament hem marxat de l&#8217;escola i hem passat per davant del descampat i hem baixat per les escales de l&#8217;ermita, despr\u00e9s hem passat per la carretera del pont i hem baixat al cam\u00ed del riu.<\/p>\n<p style=\"text-align: justify;\">Al principi del cam\u00ed hi havien molts camps de pan\u00eds i d&#8217;altres. Despr\u00e9s hem passat pel davant d&#8217;una casa i quan hem arribat al comen\u00e7ament del riu hem fet unes quantes fotos. Aleshores hem seguit caminant, hem passat per molts arbres, una casa cremada, canyes i molts camps, llavors despr\u00e9s de fer 3 km hem arribat a la central hidr\u00e0ulica de T\u00e9rmens, all\u00e0 hem baixat amb una zona amb herba i unes esp\u00e8cies de casetes a esmorzar.<\/p>\n<p style=\"text-align: justify;\">Quan hem acabat d&#8217;esmorzar hem recollit les coses i hem comen\u00e7at a caminar una altra vegada. Despr\u00e9s d&#8217;una estona hem arribat aqu\u00ed a l&#8217;escola.<\/p>\n<pre>Escrit realitzat pel Ja\u00efr Viladomat (6\u00e8)\r\n\r\n\r\n<\/pre>\n<ul>\n<li><a href=\"https:\/\/photos.app.goo.gl\/d1zEaTmbWeSgt1or8\">ENLLA\u00c7 A LES FOTOGRAFIES<\/a><\/li>\n<\/ul>\n<p><a href=\"https:\/\/photos.app.goo.gl\/d1zEaTmbWeSgt1or8\"><img loading=\"lazy\" decoding=\"async\" class=\"alignnone size-medium wp-image-10111\" src=\"https:\/\/agora.xtec.cat\/escolamestralvilanova\/wp-content\/uploads\/usu729\/2025\/10\/Sense-titol-1-300x208.png\" alt=\"\" width=\"300\" height=\"208\" srcset=\"https:\/\/agora.xtec.cat\/escolamestralvilanova\/wp-content\/uploads\/usu729\/2025\/10\/Sense-titol-1-300x208.png 300w, https:\/\/agora.xtec.cat\/escolamestralvilanova\/wp-content\/uploads\/usu729\/2025\/10\/Sense-titol-1-1024x711.png 1024w, https:\/\/agora.xtec.cat\/escolamestralvilanova\/wp-content\/uploads\/usu729\/2025\/10\/Sense-titol-1-768x533.png 768w, https:\/\/agora.xtec.cat\/escolamestralvilanova\/wp-content\/uploads\/usu729\/2025\/10\/Sense-titol-1.png 1270w\" sizes=\"auto, (max-width: 300px) 100vw, 300px\" \/><\/a><\/p>\n","protected":false},"excerpt":{"rendered":"<p>Avui 20 d&#8217;octubre, tots els alumnes des d&#8217;I3 fins a 6\u00e8 han anat a passejar pel riu. Hem sortit de l&#8217;escola a les 10:20h del mat\u00ed, avui hem caminat 3km 750m en 01 i 25m. Al comen\u00e7ament hem marxat de l&#8217;escola i hem passat per&hellip;  <a href=\"https:\/\/agora.xtec.cat\/escolamestralvilanova\/infantil\/passeig-de-tardor-10\/\" title=\"Read PASSEIG DE TARDOR\">Llegeix m\u00e9s\u00bb<\/a><\/p>\n","protected":false},"author":1,"featured_media":0,"comment_status":"open","ping_status":"open","sticky":false,"template":"","format":"standard","meta":{"_bbp_topic_count":0,"_bbp_reply_count":0,"_bbp_total_topic_count":0,"_bbp_total_reply_count":0,"_bbp_voice_count":0,"_bbp_anonymous_reply_count":0,"_bbp_topic_count_hidden":0,"_bbp_reply_count_hidden":0,"_bbp_forum_subforum_count":0,"footnotes":""},"categories":[2,4,5],"tags":[],"class_list":["post-10110","post","type-post","status-publish","format-standard","hentry","category-infantil","category-portada","category-primaria"],"post_mailing_queue_ids":[],"_links":{"self":[{"href":"https:\/\/agora.xtec.cat\/escolamestralvilanova\/wp-json\/wp\/v2\/posts\/10110","targetHints":{"allow":["GET"]}}],"collection":[{"href":"https:\/\/agora.xtec.cat\/escolamestralvilanova\/wp-json\/wp\/v2\/posts"}],"about":[{"href":"https:\/\/agora.xtec.cat\/escolamestralvilanova\/wp-json\/wp\/v2\/types\/post"}],"author":[{"embeddable":true,"href":"https:\/\/agora.xtec.cat\/escolamestralvilanova\/wp-json\/wp\/v2\/users\/1"}],"replies":[{"embeddable":true,"href":"https:\/\/agora.xtec.cat\/escolamestralvilanova\/wp-json\/wp\/v2\/comments?post=10110"}],"version-history":[{"count":2,"href":"https:\/\/agora.xtec.cat\/escolamestralvilanova\/wp-json\/wp\/v2\/posts\/10110\/revisions"}],"predecessor-version":[{"id":10113,"href":"https:\/\/agora.xtec.cat\/escolamestralvilanova\/wp-json\/wp\/v2\/posts\/10110\/revisions\/10113"}],"wp:attachment":[{"href":"https:\/\/agora.xtec.cat\/escolamestralvilanova\/wp-json\/wp\/v2\/media?parent=10110"}],"wp:term":[{"taxonomy":"category","embeddable":true,"href":"https:\/\/agora.xtec.cat\/escolamestralvilanova\/wp-json\/wp\/v2\/categories?post=10110"},{"taxonomy":"post_tag","embeddable":true,"href":"https:\/\/agora.xtec.cat\/escolamestralvilanova\/wp-json\/wp\/v2\/tags?post=10110"}],"curies":[{"name":"wp","href":"https:\/\/api.w.org\/{rel}","templated":true}]}}