{"id":10088,"date":"2025-10-14T13:22:21","date_gmt":"2025-10-14T11:22:21","guid":{"rendered":"https:\/\/agora.xtec.cat\/escolamestralvilanova\/?p=10088"},"modified":"2025-10-15T09:54:51","modified_gmt":"2025-10-15T07:54:51","slug":"hem-iniciat-els-ambients","status":"publish","type":"post","link":"https:\/\/agora.xtec.cat\/escolamestralvilanova\/portada\/hem-iniciat-els-ambients\/","title":{"rendered":"HEM INICIAT ELS AMBIENTS!"},"content":{"rendered":"<p style=\"text-align: justify;\">Els infants de cicle inicial hem iniciat els ambients els dilluns a la tarda.<\/p>\n<p style=\"text-align: justify;\">Aquest trimestre realitzarem els ambients de: Casal (on juguem a jocs de taula), Arquitectura (on realitzem construccions amb diferents materials&#8230;) i l&#8217;ambient de Llum (on practiquem el tra\u00e7 a trav\u00e9s de la realitzaci\u00f3 de diferents dibuixos a la taula de llum).<\/p>\n<p style=\"text-align: justify;\">Ens estan agradant molt!<\/p>\n<ul>\n<li><a href=\"https:\/\/photos.app.goo.gl\/RMoBFPQ9D7SQS7gq6\">ENLLA\u00c7 A LES FOTOGRAFIES<\/a><\/li>\n<\/ul>\n<p><a href=\"https:\/\/photos.app.goo.gl\/RMoBFPQ9D7SQS7gq6\"><img loading=\"lazy\" decoding=\"async\" class=\"wp-image-10089 size-medium alignleft\" src=\"https:\/\/agora.xtec.cat\/escolamestralvilanova\/wp-content\/uploads\/usu729\/2025\/10\/IMG-20251014-WA0010-225x300.jpg\" alt=\"\" width=\"225\" height=\"300\" srcset=\"https:\/\/agora.xtec.cat\/escolamestralvilanova\/wp-content\/uploads\/usu729\/2025\/10\/IMG-20251014-WA0010-225x300.jpg 225w, https:\/\/agora.xtec.cat\/escolamestralvilanova\/wp-content\/uploads\/usu729\/2025\/10\/IMG-20251014-WA0010.jpg 689w\" sizes=\"auto, (max-width: 225px) 100vw, 225px\" \/><\/a><\/p>\n","protected":false},"excerpt":{"rendered":"<p>Els infants de cicle inicial hem iniciat els ambients els dilluns a la tarda.<br \/>\nAquest trimestre realitzarem els ambients de: Casal (on juguem a jocs de taula), Arquitectura (on realitzem construccions amb diferents materials&#8230;) i l&#8217;ambient de Llum (on practiquem el tra\u00e7 a trav\u00e9s de la&hellip;  <a href=\"https:\/\/agora.xtec.cat\/escolamestralvilanova\/portada\/hem-iniciat-els-ambients\/\" title=\"Read HEM INICIAT ELS AMBIENTS!\">Llegeix m\u00e9s\u00bb<\/a><\/p>\n","protected":false},"author":6,"featured_media":0,"comment_status":"open","ping_status":"open","sticky":false,"template":"","format":"standard","meta":{"_bbp_topic_count":0,"_bbp_reply_count":0,"_bbp_total_topic_count":0,"_bbp_total_reply_count":0,"_bbp_voice_count":0,"_bbp_anonymous_reply_count":0,"_bbp_topic_count_hidden":0,"_bbp_reply_count_hidden":0,"_bbp_forum_subforum_count":0,"footnotes":""},"categories":[11,4,5],"tags":[],"class_list":["post-10088","post","type-post","status-publish","format-standard","hentry","category-cicle-inicial","category-portada","category-primaria"],"post_mailing_queue_ids":[],"_links":{"self":[{"href":"https:\/\/agora.xtec.cat\/escolamestralvilanova\/wp-json\/wp\/v2\/posts\/10088","targetHints":{"allow":["GET"]}}],"collection":[{"href":"https:\/\/agora.xtec.cat\/escolamestralvilanova\/wp-json\/wp\/v2\/posts"}],"about":[{"href":"https:\/\/agora.xtec.cat\/escolamestralvilanova\/wp-json\/wp\/v2\/types\/post"}],"author":[{"embeddable":true,"href":"https:\/\/agora.xtec.cat\/escolamestralvilanova\/wp-json\/wp\/v2\/users\/6"}],"replies":[{"embeddable":true,"href":"https:\/\/agora.xtec.cat\/escolamestralvilanova\/wp-json\/wp\/v2\/comments?post=10088"}],"version-history":[{"count":3,"href":"https:\/\/agora.xtec.cat\/escolamestralvilanova\/wp-json\/wp\/v2\/posts\/10088\/revisions"}],"predecessor-version":[{"id":10103,"href":"https:\/\/agora.xtec.cat\/escolamestralvilanova\/wp-json\/wp\/v2\/posts\/10088\/revisions\/10103"}],"wp:attachment":[{"href":"https:\/\/agora.xtec.cat\/escolamestralvilanova\/wp-json\/wp\/v2\/media?parent=10088"}],"wp:term":[{"taxonomy":"category","embeddable":true,"href":"https:\/\/agora.xtec.cat\/escolamestralvilanova\/wp-json\/wp\/v2\/categories?post=10088"},{"taxonomy":"post_tag","embeddable":true,"href":"https:\/\/agora.xtec.cat\/escolamestralvilanova\/wp-json\/wp\/v2\/tags?post=10088"}],"curies":[{"name":"wp","href":"https:\/\/api.w.org\/{rel}","templated":true}]}}