{"id":1000,"date":"2018-12-04T09:49:25","date_gmt":"2018-12-04T08:49:25","guid":{"rendered":"http:\/\/agora.xtec.cat\/escolamestralvilanova\/?p=1000"},"modified":"2018-12-04T07:51:56","modified_gmt":"2018-12-04T06:51:56","slug":"ens-disfrassem","status":"publish","type":"post","link":"https:\/\/agora.xtec.cat\/escolamestralvilanova\/infantil\/ens-disfrassem\/","title":{"rendered":"ENS DISFRASSEM!"},"content":{"rendered":"<p>Els alumnes d&#8217;Educaci\u00f3 Infantil 2 i d&#8217;Educaci\u00f3 Infantil 3 ens ho hem passat d&#8217;all\u00f2 m\u00e9s b\u00e9 disfressant-nos!!<\/p>\n<ul>\n<li><a href=\"https:\/\/photos.app.goo.gl\/T6dSd1enEzL2QUPD6\">ENLLA\u00c7 A LES FOTOGRAFIES<\/a><\/li>\n<\/ul>\n","protected":false},"excerpt":{"rendered":"<p>Els alumnes d&#8217;Educaci\u00f3 Infantil 2 i d&#8217;Educaci\u00f3 Infantil 3 ens ho hem passat d&#8217;all\u00f2 m\u00e9s b\u00e9 disfressant-nos!!<\/p>\n<ul>\n<li><a href=\"https:\/\/photos.app.goo.gl\/T6dSd1enEzL2QUPD6\">ENLLA\u00c7 A LES FOTOGRAFIES<\/a><\/li>\n<\/ul>\n","protected":false},"author":1,"featured_media":0,"comment_status":"open","ping_status":"closed","sticky":false,"template":"","format":"standard","meta":{"_bbp_topic_count":0,"_bbp_reply_count":0,"_bbp_total_topic_count":0,"_bbp_total_reply_count":0,"_bbp_voice_count":0,"_bbp_anonymous_reply_count":0,"_bbp_topic_count_hidden":0,"_bbp_reply_count_hidden":0,"_bbp_forum_subforum_count":0,"footnotes":""},"categories":[3,14,2,4],"tags":[],"class_list":["post-1000","post","type-post","status-publish","format-standard","hentry","category-ei3-ei4-ei5","category-ei1-ei2","category-infantil","category-portada"],"post_mailing_queue_ids":[],"_links":{"self":[{"href":"https:\/\/agora.xtec.cat\/escolamestralvilanova\/wp-json\/wp\/v2\/posts\/1000","targetHints":{"allow":["GET"]}}],"collection":[{"href":"https:\/\/agora.xtec.cat\/escolamestralvilanova\/wp-json\/wp\/v2\/posts"}],"about":[{"href":"https:\/\/agora.xtec.cat\/escolamestralvilanova\/wp-json\/wp\/v2\/types\/post"}],"author":[{"embeddable":true,"href":"https:\/\/agora.xtec.cat\/escolamestralvilanova\/wp-json\/wp\/v2\/users\/1"}],"replies":[{"embeddable":true,"href":"https:\/\/agora.xtec.cat\/escolamestralvilanova\/wp-json\/wp\/v2\/comments?post=1000"}],"version-history":[{"count":2,"href":"https:\/\/agora.xtec.cat\/escolamestralvilanova\/wp-json\/wp\/v2\/posts\/1000\/revisions"}],"predecessor-version":[{"id":1002,"href":"https:\/\/agora.xtec.cat\/escolamestralvilanova\/wp-json\/wp\/v2\/posts\/1000\/revisions\/1002"}],"wp:attachment":[{"href":"https:\/\/agora.xtec.cat\/escolamestralvilanova\/wp-json\/wp\/v2\/media?parent=1000"}],"wp:term":[{"taxonomy":"category","embeddable":true,"href":"https:\/\/agora.xtec.cat\/escolamestralvilanova\/wp-json\/wp\/v2\/categories?post=1000"},{"taxonomy":"post_tag","embeddable":true,"href":"https:\/\/agora.xtec.cat\/escolamestralvilanova\/wp-json\/wp\/v2\/tags?post=1000"}],"curies":[{"name":"wp","href":"https:\/\/api.w.org\/{rel}","templated":true}]}}