{"id":60,"count":7,"description":"<h1 style=\"text-align: right;\">R\u00c0DIO\u00a0MESTRAL<\/h1>\r\n<p style=\"text-align: justify;\">La r\u00e0dio \u00e9s un mitj\u00e0 de comunicaci\u00f3 d\u2019un gran valor educatiu. Promou la comunicaci\u00f3, facilita la lectura i la comprensi\u00f3 dels textos i agilitza les tasques de redacci\u00f3 dels alumnes\u2026 El treball radiof\u00f2nic \u00e9s estimulant i motivador per les activitats escolars.<\/p>\r\n<img class=\"alignnone wp-image-5419\" src=\"https:\/\/agora.xtec.cat\/escolamestralvilanova\/wp-content\/uploads\/usu729\/2021\/05\/cartell-radio-mestral-1-300x188.png\" alt=\"\" width=\"200\" height=\"125\" \/>\r\n\r\nD'aquesta manera, amb el projecte de la radio escolar pretenem:\r\n<ul style=\"text-align: justify;\">\r\n \t<li><em>Identificar el valors de la r\u00e0dio com a mitj\u00e0 de comunicaci\u00f3 i d\u2019aprenentatge.<\/em><\/li>\r\n \t<li><em>Potenciar la capacitat ling\u00fc\u00edstica especialment l\u2019expressi\u00f3 oral.<\/em><\/li>\r\n \t<li><em>Afavorir la creativitat i el treball en equip.<\/em><\/li>\r\n \t<li><em>Fomentar el debat i l\u2019aprofundiment dels temes.<\/em><\/li>\r\n \t<li><em>Difondre activitats del centre.<\/em><\/li>\r\n<\/ul>\r\n<p style=\"text-align: justify;\">Els nens i nenes de sis\u00e8 gravarem un programa mensual tot explicant diferents aspectes relacionats amb la nostra escola.<\/p>\r\n<p style=\"text-align: justify;\">Esperem que us agradi!<\/p>","link":"https:\/\/agora.xtec.cat\/escolamestralvilanova\/categoria\/radio-mestral\/","name":"R\u00e0dio Mestral","slug":"radio-mestral","taxonomy":"category","parent":0,"meta":[],"_links":{"self":[{"href":"https:\/\/agora.xtec.cat\/escolamestralvilanova\/wp-json\/wp\/v2\/categories\/60","targetHints":{"allow":["GET"]}}],"collection":[{"href":"https:\/\/agora.xtec.cat\/escolamestralvilanova\/wp-json\/wp\/v2\/categories"}],"about":[{"href":"https:\/\/agora.xtec.cat\/escolamestralvilanova\/wp-json\/wp\/v2\/taxonomies\/category"}],"wp:post_type":[{"href":"https:\/\/agora.xtec.cat\/escolamestralvilanova\/wp-json\/wp\/v2\/posts?categories=60"}],"curies":[{"name":"wp","href":"https:\/\/api.w.org\/{rel}","templated":true}]}}