{"id":57,"count":12,"description":"<h1 style=\"text-align: right;\"><span style=\"color: #003300;\">ESPAI FAM\u00cdLIES<\/span><\/h1>\r\n<em>Les fam\u00edlies sou un motor dins del dia a dia de l'escola, per la qual cosa, al llarg del curs, aquest espai pret\u00e9n convertir-se en un lloc en el qual mostrar moltes de les activitats realitzades conjuntament, compartir experi\u00e8ncies, realitzar recomanacions,...<\/em>\r\n<ul>\r\n \t<li><strong>LECTURES RECOMANADES:<\/strong><\/li>\r\n<\/ul>\r\n<table style=\"border-collapse: collapse; width: 100%;\" border=\"1\">\r\n<tbody>\r\n<tr>\r\n<td style=\"width: 50%;\"><a href=\"https:\/\/agora.xtec.cat\/escolamestralvilanova\/wp-content\/uploads\/usu729\/2019\/02\/IMG_8832.jpeg\"><img class=\"alignnone wp-image-1141\" src=\"https:\/\/agora.xtec.cat\/escolamestralvilanova\/wp-content\/uploads\/usu729\/2019\/02\/IMG_8832-209x300.jpeg\" alt=\"\" width=\"100\" height=\"143\" \/><\/a><\/td>\r\n<td style=\"width: 50%;\">\u00a0<a href=\"https:\/\/agora.xtec.cat\/escolamestralvilanova\/wp-content\/uploads\/usu729\/2019\/02\/IMG_8830.jpeg\"><img class=\"alignnone wp-image-1142\" src=\"https:\/\/agora.xtec.cat\/escolamestralvilanova\/wp-content\/uploads\/usu729\/2019\/02\/IMG_8830-196x300.jpeg\" alt=\"\" width=\"100\" height=\"153\" \/><\/a><\/td>\r\n<\/tr>\r\n<tr>\r\n<td style=\"width: 50%;\"><a href=\"https:\/\/agora.xtec.cat\/escolamestralvilanova\/wp-content\/uploads\/usu729\/2019\/02\/IMG_8829.jpeg\"><img class=\"alignnone wp-image-1145\" src=\"https:\/\/agora.xtec.cat\/escolamestralvilanova\/wp-content\/uploads\/usu729\/2019\/02\/IMG_8829-194x300.jpeg\" alt=\"\" width=\"100\" height=\"155\" \/><\/a><\/td>\r\n<td style=\"width: 50%;\">\u00a0<a href=\"https:\/\/agora.xtec.cat\/escolamestralvilanova\/wp-content\/uploads\/usu729\/2019\/02\/IMG_8828.jpeg\"><img class=\"alignnone wp-image-1144\" src=\"https:\/\/agora.xtec.cat\/escolamestralvilanova\/wp-content\/uploads\/usu729\/2019\/02\/IMG_8828-204x300.jpeg\" alt=\"\" width=\"100\" height=\"147\" \/><\/a><\/td>\r\n<\/tr>\r\n<tr>\r\n<td style=\"width: 50%;\"><a href=\"https:\/\/agora.xtec.cat\/escolamestralvilanova\/wp-content\/uploads\/usu729\/2019\/02\/IMG_8831.jpeg\"><img class=\"alignnone wp-image-1143\" src=\"https:\/\/agora.xtec.cat\/escolamestralvilanova\/wp-content\/uploads\/usu729\/2019\/02\/IMG_8831-193x300.jpeg\" alt=\"\" width=\"100\" height=\"155\" \/><\/a><\/td>\r\n<td style=\"width: 50%;\"><\/td>\r\n<\/tr>\r\n<\/tbody>\r\n<\/table>\r\n<ul>\r\n \t<li><strong>ACTIVITATS:<\/strong><\/li>\r\n<\/ul>","link":"https:\/\/agora.xtec.cat\/escolamestralvilanova\/categoria\/espai-families\/","name":"Espai Fam\u00edlies","slug":"espai-families","taxonomy":"category","parent":0,"meta":[],"_links":{"self":[{"href":"https:\/\/agora.xtec.cat\/escolamestralvilanova\/wp-json\/wp\/v2\/categories\/57","targetHints":{"allow":["GET"]}}],"collection":[{"href":"https:\/\/agora.xtec.cat\/escolamestralvilanova\/wp-json\/wp\/v2\/categories"}],"about":[{"href":"https:\/\/agora.xtec.cat\/escolamestralvilanova\/wp-json\/wp\/v2\/taxonomies\/category"}],"wp:post_type":[{"href":"https:\/\/agora.xtec.cat\/escolamestralvilanova\/wp-json\/wp\/v2\/posts?categories=57"}],"curies":[{"name":"wp","href":"https:\/\/api.w.org\/{rel}","templated":true}]}}