{"id":53,"count":59,"description":"<h1 style=\"text-align: right;\"><span style=\"color: #003300;\">L'ESPAI MUSICAL<\/span><\/h1>\r\nEn aquest espai, anirem afegint les can\u00e7ons triades pels alumnes de la nostra escola, aix\u00ed com altres not\u00edcies de l'\u00e0rea.","link":"https:\/\/agora.xtec.cat\/escolamestralvilanova\/categoria\/lespai-musical\/","name":"L'espai Musical","slug":"lespai-musical","taxonomy":"category","parent":0,"meta":[],"_links":{"self":[{"href":"https:\/\/agora.xtec.cat\/escolamestralvilanova\/wp-json\/wp\/v2\/categories\/53","targetHints":{"allow":["GET"]}}],"collection":[{"href":"https:\/\/agora.xtec.cat\/escolamestralvilanova\/wp-json\/wp\/v2\/categories"}],"about":[{"href":"https:\/\/agora.xtec.cat\/escolamestralvilanova\/wp-json\/wp\/v2\/taxonomies\/category"}],"wp:post_type":[{"href":"https:\/\/agora.xtec.cat\/escolamestralvilanova\/wp-json\/wp\/v2\/posts?categories=53"}],"curies":[{"name":"wp","href":"https:\/\/api.w.org\/{rel}","templated":true}]}}