{"id":4022,"date":"2019-03-28T21:53:57","date_gmt":"2019-03-28T20:53:57","guid":{"rendered":"http:\/\/agora.xtec.cat\/escolamestralvila-seca\/?p=4022"},"modified":"2019-03-28T22:29:02","modified_gmt":"2019-03-28T21:29:02","slug":"convidem-als-nostres-avis-i-avies","status":"publish","type":"post","link":"https:\/\/agora.xtec.cat\/escolamestralvila-seca\/portada\/convidem-als-nostres-avis-i-avies\/","title":{"rendered":"Convidem als nostres avis i \u00e0vies"},"content":{"rendered":"<p>El 27 de mar\u00e7 l\u2019escola Mestral va celebrar el dia dels avis i les \u00e0vies per posar en valor la tasca di\u00e0ria d\u2019aquests amb els seus n\u00e9ts i n\u00e9tes.<\/p>\n<p>Considerem que les \u00e0vies i els avis s\u00f3n persones molt importants en la vida dels nens i nenes, tant pel que fa a la transmissi\u00f3 dels seus valors, com per l\u2019afecte que senten i mostren cap als infants. I no nom\u00e9s aix\u00f2, tamb\u00e9 s\u00f3n un suport indiscutible en el dia a dia de les fam\u00edlies.<\/p>\n<p>Vam viure moments emocionants amb les seves hist\u00f2ries i vam poder compartir jocs i activitats.<\/p>\n<p>MOLTES GR\u00c0CIES PER VENIR I REGALAR-NOS UN DIA TAN ESPECIAL !<\/p>\n<p><iframe loading=\"lazy\" title=\"Convidem als nostres avis i \u00e0vies\" width=\"500\" height=\"375\" src=\"https:\/\/www.youtube.com\/embed\/CPIEeSA1gPQ?feature=oembed\" frameborder=\"0\" allow=\"accelerometer; autoplay; clipboard-write; encrypted-media; gyroscope; picture-in-picture; web-share\" referrerpolicy=\"strict-origin-when-cross-origin\" allowfullscreen><\/iframe><\/p>\n","protected":false},"excerpt":{"rendered":"<p>El 27 de mar\u00e7 l\u2019escola Mestral va celebrar el dia dels avis i les \u00e0vies per posar en valor la tasca di\u00e0ria d\u2019aquests amb els seus n\u00e9ts i n\u00e9tes.<br \/>\nConsiderem que les \u00e0vies i els avis s\u00f3n persones molt importants en la vida dels nens i&hellip;  <a href=\"https:\/\/agora.xtec.cat\/escolamestralvila-seca\/portada\/convidem-als-nostres-avis-i-avies\/\" title=\"Read Convidem als nostres avis i \u00e0vies\">Llegeix m\u00e9s\u00bb<\/a><\/p>\n","protected":false},"author":3,"featured_media":4023,"comment_status":"closed","ping_status":"closed","sticky":false,"template":"","format":"standard","meta":{"_bbp_topic_count":0,"_bbp_reply_count":0,"_bbp_total_topic_count":0,"_bbp_total_reply_count":0,"_bbp_voice_count":0,"_bbp_anonymous_reply_count":0,"_bbp_topic_count_hidden":0,"_bbp_reply_count_hidden":0,"_bbp_forum_subforum_count":0,"footnotes":""},"categories":[4],"tags":[],"class_list":["post-4022","post","type-post","status-publish","format-standard","has-post-thumbnail","hentry","category-portada"],"post_mailing_queue_ids":[],"_links":{"self":[{"href":"https:\/\/agora.xtec.cat\/escolamestralvila-seca\/wp-json\/wp\/v2\/posts\/4022","targetHints":{"allow":["GET"]}}],"collection":[{"href":"https:\/\/agora.xtec.cat\/escolamestralvila-seca\/wp-json\/wp\/v2\/posts"}],"about":[{"href":"https:\/\/agora.xtec.cat\/escolamestralvila-seca\/wp-json\/wp\/v2\/types\/post"}],"author":[{"embeddable":true,"href":"https:\/\/agora.xtec.cat\/escolamestralvila-seca\/wp-json\/wp\/v2\/users\/3"}],"replies":[{"embeddable":true,"href":"https:\/\/agora.xtec.cat\/escolamestralvila-seca\/wp-json\/wp\/v2\/comments?post=4022"}],"version-history":[{"count":3,"href":"https:\/\/agora.xtec.cat\/escolamestralvila-seca\/wp-json\/wp\/v2\/posts\/4022\/revisions"}],"predecessor-version":[{"id":4026,"href":"https:\/\/agora.xtec.cat\/escolamestralvila-seca\/wp-json\/wp\/v2\/posts\/4022\/revisions\/4026"}],"wp:featuredmedia":[{"embeddable":true,"href":"https:\/\/agora.xtec.cat\/escolamestralvila-seca\/wp-json\/wp\/v2\/media\/4023"}],"wp:attachment":[{"href":"https:\/\/agora.xtec.cat\/escolamestralvila-seca\/wp-json\/wp\/v2\/media?parent=4022"}],"wp:term":[{"taxonomy":"category","embeddable":true,"href":"https:\/\/agora.xtec.cat\/escolamestralvila-seca\/wp-json\/wp\/v2\/categories?post=4022"},{"taxonomy":"post_tag","embeddable":true,"href":"https:\/\/agora.xtec.cat\/escolamestralvila-seca\/wp-json\/wp\/v2\/tags?post=4022"}],"curies":[{"name":"wp","href":"https:\/\/api.w.org\/{rel}","templated":true}]}}