{"id":3916,"date":"2019-01-30T13:45:37","date_gmt":"2019-01-30T12:45:37","guid":{"rendered":"http:\/\/agora.xtec.cat\/escolamestralvila-seca\/?p=3916"},"modified":"2019-01-30T13:45:37","modified_gmt":"2019-01-30T12:45:37","slug":"ja-estan-aqui-els-capgrossos-de-lescola","status":"publish","type":"post","link":"https:\/\/agora.xtec.cat\/escolamestralvila-seca\/portada\/ja-estan-aqui-els-capgrossos-de-lescola\/","title":{"rendered":"Ja estan aqu\u00ed els capgrossos de l&#8217;escola!"},"content":{"rendered":"<p>A la nostra escola hi ha dos nous habitants que fan companyia al nostre Drac Catacric. S\u00f3n dos capgrossos que han fabricat els nens i nenes d&#8217;Educaci\u00f3 infantil i 1r. Els nostres alumnes van escollir el nom d&#8217;un d&#8217;ells: la Diablessa Trenetes. El nom de l&#8217;altre capgros el vam escollir els mestres: Mariner Mestralet.<\/p>\n<p>Els voleu con\u00e8ixer?<\/p>\n<p><iframe loading=\"lazy\" title=\"Presentaci\u00f3 dels capgrossos a Educaci\u00f3 Infantil\" width=\"500\" height=\"375\" src=\"https:\/\/www.youtube.com\/embed\/ts6Vc8wHwlU?feature=oembed\" frameborder=\"0\" allow=\"accelerometer; autoplay; clipboard-write; encrypted-media; gyroscope; picture-in-picture; web-share\" referrerpolicy=\"strict-origin-when-cross-origin\" allowfullscreen><\/iframe><\/p>\n<p><iframe loading=\"lazy\" title=\"Presentaci\u00f3 dels capgrossos a Educaci\u00f3 Prim\u00e0ria\" width=\"500\" height=\"375\" src=\"https:\/\/www.youtube.com\/embed\/PPGirxwY0aE?feature=oembed\" frameborder=\"0\" allow=\"accelerometer; autoplay; clipboard-write; encrypted-media; gyroscope; picture-in-picture; web-share\" referrerpolicy=\"strict-origin-when-cross-origin\" allowfullscreen><\/iframe><\/p>\n","protected":false},"excerpt":{"rendered":"<p>A la nostra escola hi ha dos nous habitants que fan companyia al nostre Drac Catacric. S\u00f3n dos capgrossos que han fabricat els nens i nenes d&#8217;Educaci\u00f3 infantil i 1r. Els nostres alumnes van escollir el nom d&#8217;un d&#8217;ells: la Diablessa Trenetes. El nom de&hellip;  <a href=\"https:\/\/agora.xtec.cat\/escolamestralvila-seca\/portada\/ja-estan-aqui-els-capgrossos-de-lescola\/\" title=\"Read Ja estan aqu\u00ed els capgrossos de l&#8217;escola!\">Llegeix m\u00e9s\u00bb<\/a><\/p>\n","protected":false},"author":4,"featured_media":3919,"comment_status":"closed","ping_status":"closed","sticky":false,"template":"","format":"standard","meta":{"_bbp_topic_count":0,"_bbp_reply_count":0,"_bbp_total_topic_count":0,"_bbp_total_reply_count":0,"_bbp_voice_count":0,"_bbp_anonymous_reply_count":0,"_bbp_topic_count_hidden":0,"_bbp_reply_count_hidden":0,"_bbp_forum_subforum_count":0,"footnotes":""},"categories":[4],"tags":[],"class_list":["post-3916","post","type-post","status-publish","format-standard","has-post-thumbnail","hentry","category-portada"],"post_mailing_queue_ids":[],"_links":{"self":[{"href":"https:\/\/agora.xtec.cat\/escolamestralvila-seca\/wp-json\/wp\/v2\/posts\/3916","targetHints":{"allow":["GET"]}}],"collection":[{"href":"https:\/\/agora.xtec.cat\/escolamestralvila-seca\/wp-json\/wp\/v2\/posts"}],"about":[{"href":"https:\/\/agora.xtec.cat\/escolamestralvila-seca\/wp-json\/wp\/v2\/types\/post"}],"author":[{"embeddable":true,"href":"https:\/\/agora.xtec.cat\/escolamestralvila-seca\/wp-json\/wp\/v2\/users\/4"}],"replies":[{"embeddable":true,"href":"https:\/\/agora.xtec.cat\/escolamestralvila-seca\/wp-json\/wp\/v2\/comments?post=3916"}],"version-history":[{"count":3,"href":"https:\/\/agora.xtec.cat\/escolamestralvila-seca\/wp-json\/wp\/v2\/posts\/3916\/revisions"}],"predecessor-version":[{"id":3923,"href":"https:\/\/agora.xtec.cat\/escolamestralvila-seca\/wp-json\/wp\/v2\/posts\/3916\/revisions\/3923"}],"wp:featuredmedia":[{"embeddable":true,"href":"https:\/\/agora.xtec.cat\/escolamestralvila-seca\/wp-json\/wp\/v2\/media\/3919"}],"wp:attachment":[{"href":"https:\/\/agora.xtec.cat\/escolamestralvila-seca\/wp-json\/wp\/v2\/media?parent=3916"}],"wp:term":[{"taxonomy":"category","embeddable":true,"href":"https:\/\/agora.xtec.cat\/escolamestralvila-seca\/wp-json\/wp\/v2\/categories?post=3916"},{"taxonomy":"post_tag","embeddable":true,"href":"https:\/\/agora.xtec.cat\/escolamestralvila-seca\/wp-json\/wp\/v2\/tags?post=3916"}],"curies":[{"name":"wp","href":"https:\/\/api.w.org\/{rel}","templated":true}]}}