{"id":2769,"date":"2017-06-13T14:00:18","date_gmt":"2017-06-13T12:00:18","guid":{"rendered":"http:\/\/agora.xtec.cat\/escolamestralvila-seca\/?p=2769"},"modified":"2017-06-13T14:03:32","modified_gmt":"2017-06-13T12:03:32","slug":"projecte-una-milla-diaria-al-diari-de-tarragona","status":"publish","type":"post","link":"https:\/\/agora.xtec.cat\/escolamestralvila-seca\/general\/projecte-una-milla-diaria-al-diari-de-tarragona\/","title":{"rendered":"Projecte una milla di\u00e0ria al Diari de Tarragona"},"content":{"rendered":"<p>El passat 26 de maig van venir del Diari de Tarragona a fer-nos una entrevista sobre el projecte &#8220;Una milla di\u00e0ria&#8221; que estem realitzant a la nostra escola.<\/p>\n<p>Aqu\u00ed teniu l&#8217;enlla\u00e7 a la not\u00edcia:<\/p>\n<p><a href=\"https:\/\/www.diaridetarragona.com\/costa\/Ocho-vueltas-al-patio-antes-de-empezar-las-clases-20170526-0052.html\">https:\/\/www.diaridetarragona.com\/costa\/Ocho-vueltas-al-patio-antes-de-empezar-las-clases-20170526-0052.html<\/a><\/p>\n<p>&nbsp;<\/p>\n","protected":false},"excerpt":{"rendered":"<p>El passat 26 de maig van venir del Diari de Tarragona a fer-nos una entrevista sobre el projecte &#8220;Una milla di\u00e0ria&#8221; que estem realitzant a la nostra escola.<br \/>\nAqu\u00ed teniu l&#8217;enlla\u00e7 a la not\u00edcia:<br \/>\n<a href=\"https:\/\/www.diaridetarragona.com\/costa\/Ocho-vueltas-al-patio-antes-de-empezar-las-clases-20170526-0052.html\">https:\/\/www.diaridetarragona.com\/costa\/Ocho-vueltas-al-patio-antes-de-empezar-las-clases-20170526-0052.html<\/a><br \/>\n&nbsp;<\/p>\n","protected":false},"author":4,"featured_media":0,"comment_status":"open","ping_status":"closed","sticky":false,"template":"","format":"standard","meta":{"_bbp_topic_count":0,"_bbp_reply_count":0,"_bbp_total_topic_count":0,"_bbp_total_reply_count":0,"_bbp_voice_count":0,"_bbp_anonymous_reply_count":0,"_bbp_topic_count_hidden":0,"_bbp_reply_count_hidden":0,"_bbp_forum_subforum_count":0,"footnotes":""},"categories":[1,4],"tags":[],"class_list":["post-2769","post","type-post","status-publish","format-standard","hentry","category-general","category-portada"],"post_mailing_queue_ids":[],"_links":{"self":[{"href":"https:\/\/agora.xtec.cat\/escolamestralvila-seca\/wp-json\/wp\/v2\/posts\/2769","targetHints":{"allow":["GET"]}}],"collection":[{"href":"https:\/\/agora.xtec.cat\/escolamestralvila-seca\/wp-json\/wp\/v2\/posts"}],"about":[{"href":"https:\/\/agora.xtec.cat\/escolamestralvila-seca\/wp-json\/wp\/v2\/types\/post"}],"author":[{"embeddable":true,"href":"https:\/\/agora.xtec.cat\/escolamestralvila-seca\/wp-json\/wp\/v2\/users\/4"}],"replies":[{"embeddable":true,"href":"https:\/\/agora.xtec.cat\/escolamestralvila-seca\/wp-json\/wp\/v2\/comments?post=2769"}],"version-history":[{"count":1,"href":"https:\/\/agora.xtec.cat\/escolamestralvila-seca\/wp-json\/wp\/v2\/posts\/2769\/revisions"}],"predecessor-version":[{"id":2770,"href":"https:\/\/agora.xtec.cat\/escolamestralvila-seca\/wp-json\/wp\/v2\/posts\/2769\/revisions\/2770"}],"wp:attachment":[{"href":"https:\/\/agora.xtec.cat\/escolamestralvila-seca\/wp-json\/wp\/v2\/media?parent=2769"}],"wp:term":[{"taxonomy":"category","embeddable":true,"href":"https:\/\/agora.xtec.cat\/escolamestralvila-seca\/wp-json\/wp\/v2\/categories?post=2769"},{"taxonomy":"post_tag","embeddable":true,"href":"https:\/\/agora.xtec.cat\/escolamestralvila-seca\/wp-json\/wp\/v2\/tags?post=2769"}],"curies":[{"name":"wp","href":"https:\/\/api.w.org\/{rel}","templated":true}]}}