{"id":1812,"date":"2016-06-30T08:37:07","date_gmt":"2016-06-30T07:37:07","guid":{"rendered":"http:\/\/agora.xtec.cat\/escolamestralvila-seca\/?p=1812"},"modified":"2016-06-30T08:40:56","modified_gmt":"2016-06-30T07:40:56","slug":"jornada-esport-adaptat-tve","status":"publish","type":"post","link":"https:\/\/agora.xtec.cat\/escolamestralvila-seca\/general\/jornada-esport-adaptat-tve\/","title":{"rendered":"Jornada Esport Adaptat (TVE )"},"content":{"rendered":"<p>Durant la jornada d&#8217;esport adaptat TVE va venir a filmar l&#8217;activitat, ahir 29 de juny va sortir a la televisi\u00f3 al programa Espa\u00f1a Directo, aqu\u00ed us deixem l&#8217;enlla\u00e7, busqueu al minut 23 i 40 segons.<\/p>\n<p><a href=\"http:\/\/www.rtve.es\/alacarta\/videos\/espana-directo\/espana-directo-29-06-16\/3649488\/\">http:\/\/www.rtve.es\/alacarta\/videos\/espana-directo\/espana-directo-29-06-16\/3649488\/<\/a><\/p>\n<p>&nbsp;<\/p>\n<p>A part del v\u00eddeo de televisi\u00f3 espanyola, tamb\u00e9 us deixem la nostra not\u00edcia i el nostre v\u00eddeo.<\/p>\n<p>El passat 17 de juny la Federaci\u00f3 Catalana d&#8217;Esports per a Persones amb Discapacitat F\u00edsica s&#8217;han despla\u00e7at a la nostra escola per poder mostrar al nostre alumnat de cicle superior alguns dels esports que practiquen infants i adults que tenen alguna discapacitat f\u00edsica. Han gaudit del dia i de l&#8217;experi\u00e8ncia per\u00f2 sobretot han reflexionat, han vist un altre punt de vista,han obert els ulls&#8230; Esport i activitat f\u00edsica per a tothom!<\/p>\n<p><iframe loading=\"lazy\" title=\"Jornada Esport Adaptat Escola Mestral juny 2016\" width=\"500\" height=\"281\" src=\"https:\/\/www.youtube.com\/embed\/uJyuWD9rE24?feature=oembed\" frameborder=\"0\" allow=\"accelerometer; autoplay; clipboard-write; encrypted-media; gyroscope; picture-in-picture; web-share\" referrerpolicy=\"strict-origin-when-cross-origin\" allowfullscreen><\/iframe><\/p>\n","protected":false},"excerpt":{"rendered":"<p>Durant la jornada d&#8217;esport adaptat TVE va venir a filmar l&#8217;activitat, ahir 29 de juny va sortir a la televisi\u00f3 al programa Espa\u00f1a Directo, aqu\u00ed us deixem l&#8217;enlla\u00e7, busqueu al minut 23 i 40 segons.<br \/>\n<a href=\"http:\/\/www.rtve.es\/alacarta\/videos\/espana-directo\/espana-directo-29-06-16\/3649488\/\">http:\/\/www.rtve.es\/alacarta\/videos\/espana-directo\/espana-directo-29-06-16\/3649488\/<\/a><br \/>\n&nbsp;<br \/>\nA part del v\u00eddeo de televisi\u00f3 espanyola, tamb\u00e9 us deixem&hellip;  <a href=\"https:\/\/agora.xtec.cat\/escolamestralvila-seca\/general\/jornada-esport-adaptat-tve\/\" title=\"Read Jornada Esport Adaptat (TVE )\">Llegeix m\u00e9s\u00bb<\/a><\/p>\n","protected":false},"author":4,"featured_media":0,"comment_status":"open","ping_status":"open","sticky":false,"template":"","format":"standard","meta":{"_bbp_topic_count":0,"_bbp_reply_count":0,"_bbp_total_topic_count":0,"_bbp_total_reply_count":0,"_bbp_voice_count":0,"_bbp_anonymous_reply_count":0,"_bbp_topic_count_hidden":0,"_bbp_reply_count_hidden":0,"_bbp_forum_subforum_count":0,"footnotes":""},"categories":[1,4],"tags":[],"class_list":["post-1812","post","type-post","status-publish","format-standard","hentry","category-general","category-portada"],"post_mailing_queue_ids":[],"_links":{"self":[{"href":"https:\/\/agora.xtec.cat\/escolamestralvila-seca\/wp-json\/wp\/v2\/posts\/1812","targetHints":{"allow":["GET"]}}],"collection":[{"href":"https:\/\/agora.xtec.cat\/escolamestralvila-seca\/wp-json\/wp\/v2\/posts"}],"about":[{"href":"https:\/\/agora.xtec.cat\/escolamestralvila-seca\/wp-json\/wp\/v2\/types\/post"}],"author":[{"embeddable":true,"href":"https:\/\/agora.xtec.cat\/escolamestralvila-seca\/wp-json\/wp\/v2\/users\/4"}],"replies":[{"embeddable":true,"href":"https:\/\/agora.xtec.cat\/escolamestralvila-seca\/wp-json\/wp\/v2\/comments?post=1812"}],"version-history":[{"count":2,"href":"https:\/\/agora.xtec.cat\/escolamestralvila-seca\/wp-json\/wp\/v2\/posts\/1812\/revisions"}],"predecessor-version":[{"id":1814,"href":"https:\/\/agora.xtec.cat\/escolamestralvila-seca\/wp-json\/wp\/v2\/posts\/1812\/revisions\/1814"}],"wp:attachment":[{"href":"https:\/\/agora.xtec.cat\/escolamestralvila-seca\/wp-json\/wp\/v2\/media?parent=1812"}],"wp:term":[{"taxonomy":"category","embeddable":true,"href":"https:\/\/agora.xtec.cat\/escolamestralvila-seca\/wp-json\/wp\/v2\/categories?post=1812"},{"taxonomy":"post_tag","embeddable":true,"href":"https:\/\/agora.xtec.cat\/escolamestralvila-seca\/wp-json\/wp\/v2\/tags?post=1812"}],"curies":[{"name":"wp","href":"https:\/\/api.w.org\/{rel}","templated":true}]}}