{"id":1471,"date":"2015-02-18T13:06:32","date_gmt":"2015-02-18T12:06:32","guid":{"rendered":"https:\/\/escolamestralvilaseca.wordpress.com\/?p=1471"},"modified":"2023-02-06T20:32:36","modified_gmt":"2023-02-06T19:32:36","slug":"jornades-culturals-el-modernisme","status":"publish","type":"post","link":"https:\/\/agora.xtec.cat\/escolamestralvila-seca\/portada\/jornades-culturals-el-modernisme\/","title":{"rendered":"Jornades culturals: el Modernisme"},"content":{"rendered":"<p><a href=\"http:\/\/agora.xtec.cat\/escolamestralvila-seca\/wp-content\/uploads\/usu1138\/2015\/02\/img_20150210_180024665.jpg\"><img loading=\"lazy\" decoding=\"async\" class=\" size-medium wp-image-1475 aligncenter\" src=\"http:\/\/agora.xtec.cat\/escolamestralvila-seca\/wp-content\/uploads\/usu1138\/2015\/02\/img_20150210_180024665.jpg?w=300\" alt=\"IMG_20150210_180024665\" width=\"300\" height=\"169\" srcset=\"https:\/\/agora.xtec.cat\/escolamestralvila-seca\/wp-content\/uploads\/usu1138\/2015\/02\/img_20150210_180024665.jpg 3264w, https:\/\/agora.xtec.cat\/escolamestralvila-seca\/wp-content\/uploads\/usu1138\/2015\/02\/img_20150210_180024665-300x169.jpg 300w, https:\/\/agora.xtec.cat\/escolamestralvila-seca\/wp-content\/uploads\/usu1138\/2015\/02\/img_20150210_180024665-1024x576.jpg 1024w\" sizes=\"auto, (max-width: 300px) 100vw, 300px\" \/><\/a><\/p>\n<p>Aquest curs el projecte interdisciplinari que s&#8217;ha treballat des de P-3 a 6\u00e8 ha estat el Modernisme.<\/p>\n<p>El dia de la inauguraci\u00f3 vam comen\u00e7ar amb les actuacions de l&#8217;alumnat de P-5, 2n, 4t i 6\u00e8. Despr\u00e9s vam treballar el projecte amb moltes i variades activitats (tallers, sortides, &#8230;). I per acabar vam fer una vistosa desfilada de carnaval on els protagonistes van ser: els pintors, els dracs, els trencadissos, les xemeneies i els vestits de l&#8217;\u00e8poca.<\/p>\n<p>MOLTES FELICITATS A TOTHOM PER LA FEINA FETA!!!<a href=\"http:\/\/agora.xtec.cat\/escolamestralvila-seca\/wp-content\/uploads\/usu1138\/2015\/02\/img_20150204_134035364.jpg\"><img loading=\"lazy\" decoding=\"async\" class=\"aligncenter size-medium wp-image-1478\" src=\"http:\/\/agora.xtec.cat\/escolamestralvila-seca\/wp-content\/uploads\/usu1138\/2015\/02\/img_20150204_134035364.jpg?w=300\" alt=\"IMG_20150204_134035364\" width=\"300\" height=\"169\" srcset=\"https:\/\/agora.xtec.cat\/escolamestralvila-seca\/wp-content\/uploads\/usu1138\/2015\/02\/img_20150204_134035364.jpg 3264w, https:\/\/agora.xtec.cat\/escolamestralvila-seca\/wp-content\/uploads\/usu1138\/2015\/02\/img_20150204_134035364-300x169.jpg 300w, https:\/\/agora.xtec.cat\/escolamestralvila-seca\/wp-content\/uploads\/usu1138\/2015\/02\/img_20150204_134035364-1024x576.jpg 1024w\" sizes=\"auto, (max-width: 300px) 100vw, 300px\" \/><\/a><\/p>\n<p>&nbsp;<\/p>\n","protected":false},"excerpt":{"rendered":"<p><a href=\"http:\/\/agora.xtec.cat\/escolamestralvila-seca\/wp-content\/uploads\/usu1138\/2015\/02\/img_20150210_180024665.jpg\"><\/a><br \/>\nAquest curs el projecte interdisciplinari que s&#8217;ha treballat des de P-3 a 6\u00e8 ha estat el Modernisme.<br \/>\nEl dia de la inauguraci\u00f3 vam comen\u00e7ar amb les actuacions de l&#8217;alumnat de P-5, 2n, 4t i 6\u00e8. Despr\u00e9s vam treballar el projecte amb moltes i variades activitats&hellip;  <a href=\"https:\/\/agora.xtec.cat\/escolamestralvila-seca\/portada\/jornades-culturals-el-modernisme\/\" title=\"Read Jornades culturals: el Modernisme\">Llegeix m\u00e9s\u00bb<\/a><\/p>\n","protected":false},"author":10,"featured_media":0,"comment_status":"open","ping_status":"closed","sticky":false,"template":"","format":"standard","meta":{"_bbp_topic_count":0,"_bbp_reply_count":0,"_bbp_total_topic_count":0,"_bbp_total_reply_count":0,"_bbp_voice_count":0,"_bbp_anonymous_reply_count":0,"_bbp_topic_count_hidden":0,"_bbp_reply_count_hidden":0,"_bbp_forum_subforum_count":0,"footnotes":""},"categories":[4],"tags":[],"class_list":["post-1471","post","type-post","status-publish","format-standard","hentry","category-portada"],"post_mailing_queue_ids":[],"_links":{"self":[{"href":"https:\/\/agora.xtec.cat\/escolamestralvila-seca\/wp-json\/wp\/v2\/posts\/1471","targetHints":{"allow":["GET"]}}],"collection":[{"href":"https:\/\/agora.xtec.cat\/escolamestralvila-seca\/wp-json\/wp\/v2\/posts"}],"about":[{"href":"https:\/\/agora.xtec.cat\/escolamestralvila-seca\/wp-json\/wp\/v2\/types\/post"}],"author":[{"embeddable":true,"href":"https:\/\/agora.xtec.cat\/escolamestralvila-seca\/wp-json\/wp\/v2\/users\/10"}],"replies":[{"embeddable":true,"href":"https:\/\/agora.xtec.cat\/escolamestralvila-seca\/wp-json\/wp\/v2\/comments?post=1471"}],"version-history":[{"count":2,"href":"https:\/\/agora.xtec.cat\/escolamestralvila-seca\/wp-json\/wp\/v2\/posts\/1471\/revisions"}],"predecessor-version":[{"id":4918,"href":"https:\/\/agora.xtec.cat\/escolamestralvila-seca\/wp-json\/wp\/v2\/posts\/1471\/revisions\/4918"}],"wp:attachment":[{"href":"https:\/\/agora.xtec.cat\/escolamestralvila-seca\/wp-json\/wp\/v2\/media?parent=1471"}],"wp:term":[{"taxonomy":"category","embeddable":true,"href":"https:\/\/agora.xtec.cat\/escolamestralvila-seca\/wp-json\/wp\/v2\/categories?post=1471"},{"taxonomy":"post_tag","embeddable":true,"href":"https:\/\/agora.xtec.cat\/escolamestralvila-seca\/wp-json\/wp\/v2\/tags?post=1471"}],"curies":[{"name":"wp","href":"https:\/\/api.w.org\/{rel}","templated":true}]}}