{"id":7805,"date":"2020-10-19T16:28:38","date_gmt":"2020-10-19T14:28:38","guid":{"rendered":"http:\/\/agora.xtec.cat\/escolamercerodoredamartorell\/?p=7805"},"modified":"2020-12-21T18:52:21","modified_gmt":"2020-12-21T17:52:21","slug":"videoconferencia-veterinaris-1rb","status":"publish","type":"post","link":"https:\/\/agora.xtec.cat\/escolamercerodoredamartorell\/general\/videoconferencia-veterinaris-1rb\/","title":{"rendered":"VIDEOCONFER\u00c8NCIA VETERINARIS 1rB"},"content":{"rendered":"<p><a href=\"https:\/\/meet.google.com\/nhw-fswq-qab\"><img loading=\"lazy\" decoding=\"async\" class=\"alignleft wp-image-7809\" src=\"https:\/\/agora.xtec.cat\/escolamercerodoredamartorell\/wp-content\/uploads\/usu864\/2020\/10\/61ARl-EuIgL._AC_SY355_.jpg\" alt=\"\" width=\"349\" height=\"221\" srcset=\"https:\/\/agora.xtec.cat\/escolamercerodoredamartorell\/wp-content\/uploads\/usu864\/2020\/10\/61ARl-EuIgL._AC_SY355_.jpg 346w, https:\/\/agora.xtec.cat\/escolamercerodoredamartorell\/wp-content\/uploads\/usu864\/2020\/10\/61ARl-EuIgL._AC_SY355_-300x190.jpg 300w\" sizes=\"auto, (max-width: 349px) 100vw, 349px\" \/><\/a><\/p>\n<h4>HOLA ESTIMADES I ESTIMATS VETERINARIS.<\/h4>\n<p>COM ESTEU?<\/p>\n<p>AQUESTA SETMANA ENS HAUREM DE VEURE PER VIDEOCONFER\u00c8NCIA.<\/p>\n<p>L&#8217;\u00daLTIMA VIDEOCONFER\u00c8NCIA SER\u00c0 DEM\u00c0 DIVENDRES 23 D&#8217;OCTUBRE A LES 9:30H.<\/p>\n<p><a href=\"https:\/\/meet.google.com\/nhw-fswq-qab\" target=\"_blank\" rel=\"noopener noreferrer\">Enlla\u00e7 a la videoconfer\u00e8ncia<\/a><\/p>\n<h6>NO HI FALTEU!<\/h6>\n<p><a href=\"https:\/\/meet.google.com\/nhw-fswq-qab\"><img loading=\"lazy\" decoding=\"async\" class=\"alignleft wp-image-7816\" src=\"https:\/\/agora.xtec.cat\/escolamercerodoredamartorell\/wp-content\/uploads\/usu864\/2020\/10\/f8f640e819251763966eb004bd2e6d7f6ac3716922ccd7ff39330bc3af32a172.0.gif\" alt=\"\" width=\"93\" height=\"93\" \/><\/a><\/p>\n","protected":false},"excerpt":{"rendered":"<p><a href=\"https:\/\/meet.google.com\/nhw-fswq-qab\"><\/a><br \/>\nHOLA ESTIMADES I ESTIMATS VETERINARIS.<br \/>\nCOM ESTEU?<br \/>\nAQUESTA SETMANA ENS HAUREM DE VEURE PER VIDEOCONFER\u00c8NCIA.<br \/>\nL&#8217;\u00daLTIMA VIDEOCONFER\u00c8NCIA SER\u00c0 DEM\u00c0 DIVENDRES 23 D&#8217;OCTUBRE A LES 9:30H.<br \/>\n<a href=\"https:\/\/meet.google.com\/nhw-fswq-qab\" target=\"_blank\" rel=\"noopener noreferrer\">Enlla\u00e7 a la videoconfer\u00e8ncia<\/a><br \/>\nNO HI FALTEU!<br \/>\n<a href=\"https:\/\/meet.google.com\/nhw-fswq-qab\"><\/a><\/p>\n","protected":false},"author":9,"featured_media":7808,"comment_status":"open","ping_status":"closed","sticky":false,"template":"","format":"standard","meta":{"_bbp_topic_count":0,"_bbp_reply_count":0,"_bbp_total_topic_count":0,"_bbp_total_reply_count":0,"_bbp_voice_count":0,"_bbp_anonymous_reply_count":0,"_bbp_topic_count_hidden":0,"_bbp_reply_count_hidden":0,"_bbp_forum_subforum_count":0,"footnotes":""},"categories":[1,274],"tags":[273],"class_list":["post-7805","post","type-post","status-publish","format-standard","has-post-thumbnail","hentry","category-general","category-mitjans","tag-videoconferencia"],"post_mailing_queue_ids":[],"_links":{"self":[{"href":"https:\/\/agora.xtec.cat\/escolamercerodoredamartorell\/wp-json\/wp\/v2\/posts\/7805","targetHints":{"allow":["GET"]}}],"collection":[{"href":"https:\/\/agora.xtec.cat\/escolamercerodoredamartorell\/wp-json\/wp\/v2\/posts"}],"about":[{"href":"https:\/\/agora.xtec.cat\/escolamercerodoredamartorell\/wp-json\/wp\/v2\/types\/post"}],"author":[{"embeddable":true,"href":"https:\/\/agora.xtec.cat\/escolamercerodoredamartorell\/wp-json\/wp\/v2\/users\/9"}],"replies":[{"embeddable":true,"href":"https:\/\/agora.xtec.cat\/escolamercerodoredamartorell\/wp-json\/wp\/v2\/comments?post=7805"}],"version-history":[{"count":3,"href":"https:\/\/agora.xtec.cat\/escolamercerodoredamartorell\/wp-json\/wp\/v2\/posts\/7805\/revisions"}],"predecessor-version":[{"id":7845,"href":"https:\/\/agora.xtec.cat\/escolamercerodoredamartorell\/wp-json\/wp\/v2\/posts\/7805\/revisions\/7845"}],"wp:featuredmedia":[{"embeddable":true,"href":"https:\/\/agora.xtec.cat\/escolamercerodoredamartorell\/wp-json\/wp\/v2\/media\/7808"}],"wp:attachment":[{"href":"https:\/\/agora.xtec.cat\/escolamercerodoredamartorell\/wp-json\/wp\/v2\/media?parent=7805"}],"wp:term":[{"taxonomy":"category","embeddable":true,"href":"https:\/\/agora.xtec.cat\/escolamercerodoredamartorell\/wp-json\/wp\/v2\/categories?post=7805"},{"taxonomy":"post_tag","embeddable":true,"href":"https:\/\/agora.xtec.cat\/escolamercerodoredamartorell\/wp-json\/wp\/v2\/tags?post=7805"}],"curies":[{"name":"wp","href":"https:\/\/api.w.org\/{rel}","templated":true}]}}