{"id":7034,"date":"2020-05-04T10:00:11","date_gmt":"2020-05-04T08:00:11","guid":{"rendered":"http:\/\/agora.xtec.cat\/escolamercerodoredamartorell\/?p=7034"},"modified":"2020-05-04T10:09:29","modified_gmt":"2020-05-04T08:09:29","slug":"cloenda-sant-jordi-2020","status":"publish","type":"post","link":"https:\/\/agora.xtec.cat\/escolamercerodoredamartorell\/general\/cloenda-sant-jordi-2020\/","title":{"rendered":"Cloenda Sant Jordi 2020"},"content":{"rendered":"<p style=\"text-align: justify;\">Bon dia escola!!<\/p>\n<p style=\"text-align: justify;\">Iniciem mes nou, ple d&#8217;esperan\u00e7a, i volem comen\u00e7ar agraint-vos la participaci\u00f3 en aquest Sant Jordi tan diferent que hem viscut. Un Sant Jordi confinat, en el qual ens heu fet arribar les vostres creacions i les vostres ganes de gaudir un dia tan especial.<\/p>\n<p style=\"text-align: justify;\"><a href=\"https:\/\/drive.google.com\/open?id=1pJoVeoHpMeHWfy5VH-D7Bv7V9zQ0MflN\">Aqu\u00ed<\/a> veureu un video amb el recull d&#8217;imatges.<\/p>\n<p style=\"text-align: justify;\">I, per altra banda, <a href=\"https:\/\/drive.google.com\/open?id=1f5k4oM4eZ-ijw8AZaBPeQfseundL32r2\">aqu\u00ed<\/a> tamb\u00e9 podreu veure alguns alumnes que s&#8217;han animat a fer rotllar la seva rosa!<\/p>\n<p style=\"text-align: justify;\">Moltes gr\u00e0cies a tothom!! Abra\u00e7ades virtuales!!<\/p>\n<p>&nbsp;<\/p>\n","protected":false},"excerpt":{"rendered":"<p>Bon dia escola!!<br \/>\nIniciem mes nou, ple d&#8217;esperan\u00e7a, i volem comen\u00e7ar agraint-vos la participaci\u00f3 en aquest Sant Jordi tan diferent que hem viscut. Un Sant Jordi confinat, en el qual ens heu fet arribar les vostres creacions i les vostres ganes de gaudir un dia tan&hellip;  <a href=\"https:\/\/agora.xtec.cat\/escolamercerodoredamartorell\/general\/cloenda-sant-jordi-2020\/\" title=\"Read Cloenda Sant Jordi 2020\">Llegeix m\u00e9s\u00bb<\/a><\/p>\n","protected":false},"author":6,"featured_media":7035,"comment_status":"open","ping_status":"closed","sticky":false,"template":"","format":"standard","meta":{"_bbp_topic_count":0,"_bbp_reply_count":0,"_bbp_total_topic_count":0,"_bbp_total_reply_count":0,"_bbp_voice_count":0,"_bbp_anonymous_reply_count":0,"_bbp_topic_count_hidden":0,"_bbp_reply_count_hidden":0,"_bbp_forum_subforum_count":0,"footnotes":""},"categories":[41,1],"tags":[192,263,264,207,266,158],"class_list":["post-7034","post","type-post","status-publish","format-standard","has-post-thumbnail","hentry","category-biblioteca","category-general","tag-biblioteca","tag-confinament","tag-confinats","tag-familia","tag-primavera","tag-sant-jordi"],"post_mailing_queue_ids":[],"_links":{"self":[{"href":"https:\/\/agora.xtec.cat\/escolamercerodoredamartorell\/wp-json\/wp\/v2\/posts\/7034","targetHints":{"allow":["GET"]}}],"collection":[{"href":"https:\/\/agora.xtec.cat\/escolamercerodoredamartorell\/wp-json\/wp\/v2\/posts"}],"about":[{"href":"https:\/\/agora.xtec.cat\/escolamercerodoredamartorell\/wp-json\/wp\/v2\/types\/post"}],"author":[{"embeddable":true,"href":"https:\/\/agora.xtec.cat\/escolamercerodoredamartorell\/wp-json\/wp\/v2\/users\/6"}],"replies":[{"embeddable":true,"href":"https:\/\/agora.xtec.cat\/escolamercerodoredamartorell\/wp-json\/wp\/v2\/comments?post=7034"}],"version-history":[{"count":2,"href":"https:\/\/agora.xtec.cat\/escolamercerodoredamartorell\/wp-json\/wp\/v2\/posts\/7034\/revisions"}],"predecessor-version":[{"id":7041,"href":"https:\/\/agora.xtec.cat\/escolamercerodoredamartorell\/wp-json\/wp\/v2\/posts\/7034\/revisions\/7041"}],"wp:featuredmedia":[{"embeddable":true,"href":"https:\/\/agora.xtec.cat\/escolamercerodoredamartorell\/wp-json\/wp\/v2\/media\/7035"}],"wp:attachment":[{"href":"https:\/\/agora.xtec.cat\/escolamercerodoredamartorell\/wp-json\/wp\/v2\/media?parent=7034"}],"wp:term":[{"taxonomy":"category","embeddable":true,"href":"https:\/\/agora.xtec.cat\/escolamercerodoredamartorell\/wp-json\/wp\/v2\/categories?post=7034"},{"taxonomy":"post_tag","embeddable":true,"href":"https:\/\/agora.xtec.cat\/escolamercerodoredamartorell\/wp-json\/wp\/v2\/tags?post=7034"}],"curies":[{"name":"wp","href":"https:\/\/api.w.org\/{rel}","templated":true}]}}