{"id":5794,"date":"2020-03-23T13:48:21","date_gmt":"2020-03-23T12:48:21","guid":{"rendered":"http:\/\/agora.xtec.cat\/escolamercerodoredamartorell\/?p=5794"},"modified":"2020-03-27T09:58:58","modified_gmt":"2020-03-27T08:58:58","slug":"descripcions-rebudes-de-3r","status":"publish","type":"post","link":"https:\/\/agora.xtec.cat\/escolamercerodoredamartorell\/cicle-mitja\/descripcions-rebudes-de-3r\/","title":{"rendered":"DeSCriPCioNs ReBuDeS de 3r!"},"content":{"rendered":"<h6><span style=\"color: #993366;\"><strong>Nenes i nens de 3r!<\/strong><\/span><\/h6>\n<p>En aquesta entrada anirem adjuntant les descripcions rebudes a l&#8217;<span class=\"hiddenSpellError\">email<\/span>: <strong>tercer@escolarodoreda.cat<\/strong><\/p>\n<p>Si <strong><a href=\"https:\/\/photos.app.goo.gl\/K4QDrQaKyqfqraHt9\">cliqueu aqu\u00ed<\/a><\/strong> veureu les descripcions de les vostres companyes, inclosa la de l&#8217;Eider!<\/p>\n<p><strong>De moment,<\/strong> tenim la descripci\u00f3 de la <strong>Sara<\/strong> que ens proposa veure una <strong>pel\u00b7l\u00edcula d&#8217;acr\u00f2bates!<\/strong> Aquesta pel\u00b7l\u00edcula tracta de <strong>la import\u00e0ncia del treball en equip<\/strong> perqu\u00e8 les coses surtin b\u00e9! A l&#8217;escola tamb\u00e9 li donem molt de valor Sara, segur que ho vas pensar!!<\/p>\n<p><a href=\"https:\/\/agora.xtec.cat\/escolamercerodoredamartorell\/wp-content\/uploads\/usu864\/2020\/03\/acrobatas.jpg\"><img loading=\"lazy\" decoding=\"async\" class=\"wp-image-5803 aligncenter\" src=\"https:\/\/agora.xtec.cat\/escolamercerodoredamartorell\/wp-content\/uploads\/usu864\/2020\/03\/acrobatas-229x300.jpg\" alt=\"\" width=\"197\" height=\"258\" srcset=\"https:\/\/agora.xtec.cat\/escolamercerodoredamartorell\/wp-content\/uploads\/usu864\/2020\/03\/acrobatas-229x300.jpg 229w, https:\/\/agora.xtec.cat\/escolamercerodoredamartorell\/wp-content\/uploads\/usu864\/2020\/03\/acrobatas.jpg 442w\" sizes=\"auto, (max-width: 197px) 100vw, 197px\" \/><\/a><\/p>\n<p><strong>L&#8217;<span class=\"hiddenSpellError\">Aabir<\/span>\u00a0<\/strong>ens recomana una que es diu\u00a0<strong><span class=\"hiddenSpellError\">Sakura<\/span><\/strong>! Sabeu que quan les mestres \u00e9rem petites tamb\u00e9 veiem aquesta s\u00e8rie?<a href=\"https:\/\/agora.xtec.cat\/escolamercerodoredamartorell\/wp-content\/uploads\/usu864\/2020\/03\/sakura.jpg\"><img loading=\"lazy\" decoding=\"async\" class=\" wp-image-5805 aligncenter\" src=\"https:\/\/agora.xtec.cat\/escolamercerodoredamartorell\/wp-content\/uploads\/usu864\/2020\/03\/sakura-300x214.jpg\" alt=\"\" width=\"236\" height=\"168\" srcset=\"https:\/\/agora.xtec.cat\/escolamercerodoredamartorell\/wp-content\/uploads\/usu864\/2020\/03\/sakura-300x214.jpg 300w, https:\/\/agora.xtec.cat\/escolamercerodoredamartorell\/wp-content\/uploads\/usu864\/2020\/03\/sakura-768x547.jpg 768w, https:\/\/agora.xtec.cat\/escolamercerodoredamartorell\/wp-content\/uploads\/usu864\/2020\/03\/sakura-1024x729.jpg 1024w, https:\/\/agora.xtec.cat\/escolamercerodoredamartorell\/wp-content\/uploads\/usu864\/2020\/03\/sakura.jpg 1600w\" sizes=\"auto, (max-width: 236px) 100vw, 236px\" \/><\/a><\/p>\n<p><strong>La Marina <\/strong>ens recomana veure Up! Una pel\u00b7l\u00edcula que tracta de l&#8217;amistat, \u00e9s realment bonica!<\/p>\n<p><a href=\"https:\/\/agora.xtec.cat\/escolamercerodoredamartorell\/wp-content\/uploads\/usu864\/2020\/03\/up.jpg\"><img loading=\"lazy\" decoding=\"async\" class=\"wp-image-5808 aligncenter\" src=\"https:\/\/agora.xtec.cat\/escolamercerodoredamartorell\/wp-content\/uploads\/usu864\/2020\/03\/up-226x300.jpg\" alt=\"\" width=\"167\" height=\"222\" srcset=\"https:\/\/agora.xtec.cat\/escolamercerodoredamartorell\/wp-content\/uploads\/usu864\/2020\/03\/up-226x300.jpg 226w, https:\/\/agora.xtec.cat\/escolamercerodoredamartorell\/wp-content\/uploads\/usu864\/2020\/03\/up.jpg 640w\" sizes=\"auto, (max-width: 167px) 100vw, 167px\" \/><\/a><\/p>\n<p><strong>L&#8217;Alba<\/strong> ens recomana veure <strong>Mal\u00e8fica<\/strong>, una pel\u00b7l\u00edcula que ens ensenya que no tot \u00e9s el que sembla!<\/p>\n<p><a href=\"https:\/\/agora.xtec.cat\/escolamercerodoredamartorell\/wp-content\/uploads\/usu864\/2020\/03\/malefica.jpg\"><img loading=\"lazy\" decoding=\"async\" class=\"size-medium wp-image-5838 aligncenter\" src=\"https:\/\/agora.xtec.cat\/escolamercerodoredamartorell\/wp-content\/uploads\/usu864\/2020\/03\/malefica-210x300.jpg\" alt=\"\" width=\"210\" height=\"300\" srcset=\"https:\/\/agora.xtec.cat\/escolamercerodoredamartorell\/wp-content\/uploads\/usu864\/2020\/03\/malefica-210x300.jpg 210w, https:\/\/agora.xtec.cat\/escolamercerodoredamartorell\/wp-content\/uploads\/usu864\/2020\/03\/malefica-768x1097.jpg 768w, https:\/\/agora.xtec.cat\/escolamercerodoredamartorell\/wp-content\/uploads\/usu864\/2020\/03\/malefica-717x1024.jpg 717w, https:\/\/agora.xtec.cat\/escolamercerodoredamartorell\/wp-content\/uploads\/usu864\/2020\/03\/malefica.jpg 1200w\" sizes=\"auto, (max-width: 210px) 100vw, 210px\" \/><\/a><\/p>\n<p><strong>El Nil<\/strong> ens ha enviat tamb\u00e9 la seva descripci\u00f3 d&#8217;un dels protagonistes de <strong>&#8220;Haru, en el reino de los gatos&#8221;, alg\u00fa m\u00e9s ha vist aquesta pel\u00b7l\u00edcula?<\/strong><\/p>\n<p><a href=\"https:\/\/agora.xtec.cat\/escolamercerodoredamartorell\/wp-content\/uploads\/usu864\/2020\/03\/haru.png\"><img loading=\"lazy\" decoding=\"async\" class=\"size-medium wp-image-5841 aligncenter\" src=\"https:\/\/agora.xtec.cat\/escolamercerodoredamartorell\/wp-content\/uploads\/usu864\/2020\/03\/haru-209x300.png\" alt=\"\" width=\"209\" height=\"300\" srcset=\"https:\/\/agora.xtec.cat\/escolamercerodoredamartorell\/wp-content\/uploads\/usu864\/2020\/03\/haru-209x300.png 209w, https:\/\/agora.xtec.cat\/escolamercerodoredamartorell\/wp-content\/uploads\/usu864\/2020\/03\/haru.png 550w\" sizes=\"auto, (max-width: 209px) 100vw, 209px\" \/><\/a><\/p>\n<p><strong>El Jan<\/strong> ha descrit <strong>en Tint\u00edn<\/strong>, un personatge aventurer, protagonista de c\u00f2mics, pel\u00b7l\u00edcules i s\u00e8ries! En la seva descripci\u00f3 ens adonem que en Tint\u00edn va ser creat fa molts i molts anys! Animeu-vos a llegir-la!<\/p>\n<p><a href=\"https:\/\/agora.xtec.cat\/escolamercerodoredamartorell\/wp-content\/uploads\/usu864\/2020\/03\/tin-tin.jpg\"><img loading=\"lazy\" decoding=\"async\" class=\" wp-image-5870 aligncenter\" src=\"https:\/\/agora.xtec.cat\/escolamercerodoredamartorell\/wp-content\/uploads\/usu864\/2020\/03\/tin-tin-300x300.jpg\" alt=\"\" width=\"222\" height=\"222\" srcset=\"https:\/\/agora.xtec.cat\/escolamercerodoredamartorell\/wp-content\/uploads\/usu864\/2020\/03\/tin-tin-300x300.jpg 300w, https:\/\/agora.xtec.cat\/escolamercerodoredamartorell\/wp-content\/uploads\/usu864\/2020\/03\/tin-tin-150x150.jpg 150w, https:\/\/agora.xtec.cat\/escolamercerodoredamartorell\/wp-content\/uploads\/usu864\/2020\/03\/tin-tin-768x768.jpg 768w, https:\/\/agora.xtec.cat\/escolamercerodoredamartorell\/wp-content\/uploads\/usu864\/2020\/03\/tin-tin-1024x1024.jpg 1024w, https:\/\/agora.xtec.cat\/escolamercerodoredamartorell\/wp-content\/uploads\/usu864\/2020\/03\/tin-tin.jpg 1200w\" sizes=\"auto, (max-width: 222px) 100vw, 222px\" \/><\/a><\/p>\n<p><strong>La Gisela<\/strong> ens envia la seva descripci\u00f3 del <strong>Rei Lle\u00f3!<\/strong> \u00c9s una pel\u00b7l\u00edcula preciosa que a m\u00e9s d&#8217;un i a m\u00e9s d&#8217;una ens va fer plorar!<\/p>\n<p><a href=\"https:\/\/agora.xtec.cat\/escolamercerodoredamartorell\/wp-content\/uploads\/usu864\/2020\/03\/Simba-1.jpg\"><img loading=\"lazy\" decoding=\"async\" class=\"wp-image-5929 aligncenter\" src=\"https:\/\/agora.xtec.cat\/escolamercerodoredamartorell\/wp-content\/uploads\/usu864\/2020\/03\/Simba-1-242x300.jpg\" alt=\"\" width=\"166\" height=\"206\" srcset=\"https:\/\/agora.xtec.cat\/escolamercerodoredamartorell\/wp-content\/uploads\/usu864\/2020\/03\/Simba-1-242x300.jpg 242w, https:\/\/agora.xtec.cat\/escolamercerodoredamartorell\/wp-content\/uploads\/usu864\/2020\/03\/Simba-1.jpg 644w\" sizes=\"auto, (max-width: 166px) 100vw, 166px\" \/><\/a><\/p>\n<p>El <strong>Jos\u00e9 Antonio<\/strong> ens fa arribar una descripci\u00f3 del protagonista de <strong>Rio!\u00a0<\/strong><\/p>\n<p><a href=\"https:\/\/agora.xtec.cat\/escolamercerodoredamartorell\/wp-content\/uploads\/usu864\/2020\/03\/rio.jpg\"><img loading=\"lazy\" decoding=\"async\" class=\"size-medium wp-image-6075 aligncenter\" src=\"https:\/\/agora.xtec.cat\/escolamercerodoredamartorell\/wp-content\/uploads\/usu864\/2020\/03\/rio-300x169.jpg\" alt=\"\" width=\"300\" height=\"169\" srcset=\"https:\/\/agora.xtec.cat\/escolamercerodoredamartorell\/wp-content\/uploads\/usu864\/2020\/03\/rio-300x169.jpg 300w, https:\/\/agora.xtec.cat\/escolamercerodoredamartorell\/wp-content\/uploads\/usu864\/2020\/03\/rio-768x432.jpg 768w, https:\/\/agora.xtec.cat\/escolamercerodoredamartorell\/wp-content\/uploads\/usu864\/2020\/03\/rio-1024x576.jpg 1024w, https:\/\/agora.xtec.cat\/escolamercerodoredamartorell\/wp-content\/uploads\/usu864\/2020\/03\/rio.jpg 1280w\" sizes=\"auto, (max-width: 300px) 100vw, 300px\" \/><\/a><\/p>\n<p>&nbsp;<\/p>\n<p><strong>Ens encanta que participeu i animem a tothom a seguir enviant descripcions! Molts petons bonics i boniques! Us trobem a faltar molt!!\u00a0<\/strong><\/p>\n","protected":false},"excerpt":{"rendered":"<p>Nenes i nens de 3r!<br \/>\nEn aquesta entrada anirem adjuntant les descripcions rebudes a l&#8217;email: tercer@escolarodoreda.cat<br \/>\nSi <a href=\"https:\/\/photos.app.goo.gl\/K4QDrQaKyqfqraHt9\">cliqueu aqu\u00ed<\/a> veureu les descripcions de les vostres companyes, inclosa la de l&#8217;Eider!<br \/>\nDe moment, tenim la descripci\u00f3 de la Sara que ens proposa veure una pel\u00b7l\u00edcula d&#8217;acr\u00f2bates! Aquesta pel\u00b7l\u00edcula&hellip;  <a href=\"https:\/\/agora.xtec.cat\/escolamercerodoredamartorell\/cicle-mitja\/descripcions-rebudes-de-3r\/\" title=\"Read DeSCriPCioNs ReBuDeS de 3r!\">Llegeix m\u00e9s\u00bb<\/a><\/p>\n","protected":false},"author":10,"featured_media":5809,"comment_status":"open","ping_status":"closed","sticky":false,"template":"","format":"standard","meta":{"_bbp_topic_count":0,"_bbp_reply_count":0,"_bbp_total_topic_count":0,"_bbp_total_reply_count":0,"_bbp_voice_count":0,"_bbp_anonymous_reply_count":0,"_bbp_topic_count_hidden":0,"_bbp_reply_count_hidden":0,"_bbp_forum_subforum_count":0,"footnotes":""},"categories":[26],"tags":[],"class_list":["post-5794","post","type-post","status-publish","format-standard","has-post-thumbnail","hentry","category-cicle-mitja"],"post_mailing_queue_ids":[],"_links":{"self":[{"href":"https:\/\/agora.xtec.cat\/escolamercerodoredamartorell\/wp-json\/wp\/v2\/posts\/5794","targetHints":{"allow":["GET"]}}],"collection":[{"href":"https:\/\/agora.xtec.cat\/escolamercerodoredamartorell\/wp-json\/wp\/v2\/posts"}],"about":[{"href":"https:\/\/agora.xtec.cat\/escolamercerodoredamartorell\/wp-json\/wp\/v2\/types\/post"}],"author":[{"embeddable":true,"href":"https:\/\/agora.xtec.cat\/escolamercerodoredamartorell\/wp-json\/wp\/v2\/users\/10"}],"replies":[{"embeddable":true,"href":"https:\/\/agora.xtec.cat\/escolamercerodoredamartorell\/wp-json\/wp\/v2\/comments?post=5794"}],"version-history":[{"count":4,"href":"https:\/\/agora.xtec.cat\/escolamercerodoredamartorell\/wp-json\/wp\/v2\/posts\/5794\/revisions"}],"predecessor-version":[{"id":6076,"href":"https:\/\/agora.xtec.cat\/escolamercerodoredamartorell\/wp-json\/wp\/v2\/posts\/5794\/revisions\/6076"}],"wp:featuredmedia":[{"embeddable":true,"href":"https:\/\/agora.xtec.cat\/escolamercerodoredamartorell\/wp-json\/wp\/v2\/media\/5809"}],"wp:attachment":[{"href":"https:\/\/agora.xtec.cat\/escolamercerodoredamartorell\/wp-json\/wp\/v2\/media?parent=5794"}],"wp:term":[{"taxonomy":"category","embeddable":true,"href":"https:\/\/agora.xtec.cat\/escolamercerodoredamartorell\/wp-json\/wp\/v2\/categories?post=5794"},{"taxonomy":"post_tag","embeddable":true,"href":"https:\/\/agora.xtec.cat\/escolamercerodoredamartorell\/wp-json\/wp\/v2\/tags?post=5794"}],"curies":[{"name":"wp","href":"https:\/\/api.w.org\/{rel}","templated":true}]}}