{"id":5717,"date":"2020-03-21T17:12:45","date_gmt":"2020-03-21T16:12:45","guid":{"rendered":"http:\/\/agora.xtec.cat\/escolamercerodoredamartorell\/?p=5717"},"modified":"2020-03-21T17:15:23","modified_gmt":"2020-03-21T16:15:23","slug":"3r-la-primera-descripcio","status":"publish","type":"post","link":"https:\/\/agora.xtec.cat\/escolamercerodoredamartorell\/cicle-mitja\/3r-la-primera-descripcio\/","title":{"rendered":"(3r) La PRiMeRa DeSCRipCi\u00f3!!"},"content":{"rendered":"<p>Hola nens i nenes de 3r!!!<\/p>\n<p><strong>Hem rebut el primer repte resolt per un de vosaltres<\/strong> al correu que vam facilitar; <strong>tercer@escolarodoreda.cat.\u00a0<\/strong><\/p>\n<p>Si <a href=\"https:\/\/photos.app.goo.gl\/K4QDrQaKyqfqraHt9\"><span style=\"color: #0000ff;\"><strong>cliqueu aqu\u00ed<\/strong> <\/span><\/a>podeu veure la feinada de la vostra companya Eider que ha estat la primera en acceptar el repte!<\/p>\n<p>Ens ha fet molt\u00edssima il\u00b7lusi\u00f3 veure la descripci\u00f3 d&#8217;un dels protagonistes de la pel\u00b7l\u00edcula\u00a0<strong><span class=\"hiddenSpellError\">Hachiko<\/span>!\u00a0<\/strong><\/p>\n<p><a href=\"https:\/\/agora.xtec.cat\/escolamercerodoredamartorell\/wp-content\/uploads\/usu864\/2020\/03\/Siempre-a-tu-lado-Hachiko.jpg\"><img loading=\"lazy\" decoding=\"async\" class=\"size-medium wp-image-5721 alignright\" src=\"https:\/\/agora.xtec.cat\/escolamercerodoredamartorell\/wp-content\/uploads\/usu864\/2020\/03\/Siempre-a-tu-lado-Hachiko-204x300.jpg\" alt=\"\" width=\"204\" height=\"300\" srcset=\"https:\/\/agora.xtec.cat\/escolamercerodoredamartorell\/wp-content\/uploads\/usu864\/2020\/03\/Siempre-a-tu-lado-Hachiko-204x300.jpg 204w, https:\/\/agora.xtec.cat\/escolamercerodoredamartorell\/wp-content\/uploads\/usu864\/2020\/03\/Siempre-a-tu-lado-Hachiko-768x1130.jpg 768w, https:\/\/agora.xtec.cat\/escolamercerodoredamartorell\/wp-content\/uploads\/usu864\/2020\/03\/Siempre-a-tu-lado-Hachiko-696x1024.jpg 696w, https:\/\/agora.xtec.cat\/escolamercerodoredamartorell\/wp-content\/uploads\/usu864\/2020\/03\/Siempre-a-tu-lado-Hachiko.jpg 1087w\" sizes=\"auto, (max-width: 204px) 100vw, 204px\" \/><\/a><\/p>\n<p>\u00c9s una pel\u00b7l\u00edcula preciosa que us convidem a veure a tots i a totes, tracta de l&#8217;amistat entre un \u00e9sser hum\u00e0 i un gos! Qui tingui l&#8217;oportunitat de veure-la ha de saber que es tracta d&#8217;una pel\u00b7l\u00edcula que est\u00e0 basada en fets reals, aix\u00f2 vol dir que algunes de les coses que surten a la pel\u00b7l\u00edcula van ser reals, fins i tot en honor a aquest gos, es va posar una escultura al Jap\u00f3! <strong>Aqu\u00ed podeu llegir un article sobre la part vertadera de la pel\u00b7l\u00edcula!<\/strong><\/p>\n<p><a href=\"https:\/\/culturainquieta.com\/es\/inspiring\/item\/16250-la-emocionante-historia-de-hachiko-el-perro-mas-leal-del-mundo.html\"><strong><span style=\"color: #0000ff;\">https:\/\/culturainquieta.com\/es\/inspiring\/item\/16250-la-emocionante-historia-de-hachiko-el-perro-mas-leal-del-mundo.html<\/span><\/strong><\/a><\/p>\n<p>Us animem a que <strong>seguiu participant en el repte de descriure personatges i\/o protagonistes de les pel\u00b7l\u00edcules, s\u00e8ries o dibuixos<\/strong> que estigueu veient aquests dies! Farem una entrada al bloc amb totes les vostres aportacions, aix\u00ed podreu llegir les descripcions dels companys i entre vosaltres us donareu grans idees de s\u00e8ries i pel\u00b7l\u00edcules que podeu veure!<\/p>\n<p>Ens veiem aviat!!<\/p>\n","protected":false},"excerpt":{"rendered":"<p>Hola nens i nenes de 3r!!!<br \/>\nHem rebut el primer repte resolt per un de vosaltres al correu que vam facilitar; tercer@escolarodoreda.cat.\u00a0<br \/>\nSi <a href=\"https:\/\/photos.app.goo.gl\/K4QDrQaKyqfqraHt9\">cliqueu aqu\u00ed <\/a>podeu veure la feinada de la vostra companya Eider que ha estat la primera en acceptar el repte!<br \/>\nEns ha fet molt\u00edssima&hellip;  <a href=\"https:\/\/agora.xtec.cat\/escolamercerodoredamartorell\/cicle-mitja\/3r-la-primera-descripcio\/\" title=\"Read (3r) La PRiMeRa DeSCRipCi\u00f3!!\">Llegeix m\u00e9s\u00bb<\/a><\/p>\n","protected":false},"author":10,"featured_media":5721,"comment_status":"open","ping_status":"closed","sticky":false,"template":"","format":"standard","meta":{"_bbp_topic_count":0,"_bbp_reply_count":0,"_bbp_total_topic_count":0,"_bbp_total_reply_count":0,"_bbp_voice_count":0,"_bbp_anonymous_reply_count":0,"_bbp_topic_count_hidden":0,"_bbp_reply_count_hidden":0,"_bbp_forum_subforum_count":0,"footnotes":""},"categories":[26],"tags":[],"class_list":["post-5717","post","type-post","status-publish","format-standard","has-post-thumbnail","hentry","category-cicle-mitja"],"post_mailing_queue_ids":[],"_links":{"self":[{"href":"https:\/\/agora.xtec.cat\/escolamercerodoredamartorell\/wp-json\/wp\/v2\/posts\/5717","targetHints":{"allow":["GET"]}}],"collection":[{"href":"https:\/\/agora.xtec.cat\/escolamercerodoredamartorell\/wp-json\/wp\/v2\/posts"}],"about":[{"href":"https:\/\/agora.xtec.cat\/escolamercerodoredamartorell\/wp-json\/wp\/v2\/types\/post"}],"author":[{"embeddable":true,"href":"https:\/\/agora.xtec.cat\/escolamercerodoredamartorell\/wp-json\/wp\/v2\/users\/10"}],"replies":[{"embeddable":true,"href":"https:\/\/agora.xtec.cat\/escolamercerodoredamartorell\/wp-json\/wp\/v2\/comments?post=5717"}],"version-history":[{"count":4,"href":"https:\/\/agora.xtec.cat\/escolamercerodoredamartorell\/wp-json\/wp\/v2\/posts\/5717\/revisions"}],"predecessor-version":[{"id":5726,"href":"https:\/\/agora.xtec.cat\/escolamercerodoredamartorell\/wp-json\/wp\/v2\/posts\/5717\/revisions\/5726"}],"wp:featuredmedia":[{"embeddable":true,"href":"https:\/\/agora.xtec.cat\/escolamercerodoredamartorell\/wp-json\/wp\/v2\/media\/5721"}],"wp:attachment":[{"href":"https:\/\/agora.xtec.cat\/escolamercerodoredamartorell\/wp-json\/wp\/v2\/media?parent=5717"}],"wp:term":[{"taxonomy":"category","embeddable":true,"href":"https:\/\/agora.xtec.cat\/escolamercerodoredamartorell\/wp-json\/wp\/v2\/categories?post=5717"},{"taxonomy":"post_tag","embeddable":true,"href":"https:\/\/agora.xtec.cat\/escolamercerodoredamartorell\/wp-json\/wp\/v2\/tags?post=5717"}],"curies":[{"name":"wp","href":"https:\/\/api.w.org\/{rel}","templated":true}]}}