{"id":5629,"date":"2020-03-20T09:00:50","date_gmt":"2020-03-20T08:00:50","guid":{"rendered":"http:\/\/agora.xtec.cat\/escolamercerodoredamartorell\/?p=5629"},"modified":"2020-03-20T11:56:38","modified_gmt":"2020-03-20T10:56:38","slug":"el-meu-personatge-preferit","status":"publish","type":"post","link":"https:\/\/agora.xtec.cat\/escolamercerodoredamartorell\/cicle-mitja\/el-meu-personatge-preferit\/","title":{"rendered":"3r &#8211; El meu personatge preferit ;)"},"content":{"rendered":"<p>Quina de pel\u00b7l\u00edcules i s\u00e8ries de televisi\u00f3 estem veient aquests dies, oi? Jo acabo de veure <em>Mascotas<\/em> i el meu personatge preferit ha estat &#8220;Snowball&#8221; (o Pomp\u00f3, <strong>\u00e9s que l&#8217;hem vist en angl\u00e8s<\/strong> \ud83d\ude09 ).<\/p>\n<p><strong>Que no sabeu qui \u00e9s?\u00a0<\/strong><\/p>\n<p><iframe loading=\"lazy\" src=\"\/\/giphy.com\/embed\/UsN7AnMBFjLSiTSaYN\" width=\"480\" height=\"385\" frameborder=\"0\"><\/iframe><\/p>\n<p>L&#8217;<em>Snowball<\/em> \u00e9s un adorable conillet que est\u00e0 totalment boig! Actua com a personatge malvat de la pel\u00b7l\u00edcula per\u00f2 a mi m&#8217;ha semblat molt graci\u00f3s.<\/p>\n<p>T\u00e9 un pelatge blanc i suau o aix\u00f2 em sembla perqu\u00e8 \u00e9s un rosegador que no \u00e9s real.\u00a0 T\u00e9 un cap gros i arrodonit del qual li surten unes orelles allargades i de color blanc i rosa.\u00a0 Els seus ulls s\u00f3n molt grans i expressius i fa molta gr\u00e0cia quan els obre molt i tamb\u00e9 quan els tanca una mica per fer veure que sospita alguna cosa&#8230; T\u00e9 un nas molt petit i de color rosa i una boqueta de la qual li sobresurten unes dentotes molt caracter\u00edstiques dels conills.<\/p>\n<p>El seu cos \u00e9s petit comparat amb el seu cap i, tot i que t\u00e9 unes potes molt curtes, \u00e9s molt \u00e0gil i fa uns salts ben grans. El que m\u00e9s m&#8217;agrada \u00e9s la seva cueta en forma de pomp\u00f3 perqu\u00e8, tot i ser petitona, la mou d&#8217;un costat a un altre d&#8217;una manera molt simp\u00e0tica.<\/p>\n<p>\u00c9s un animal molt enginy\u00f3s i segur d&#8217;ell mateix, ja que decideix crear un ex\u00e8rcit d&#8217;animals que viuen al carrer per a venjar-se d&#8217;aquells que els han abandonat.\u00a0 Utilitza la seva imatge d&#8217;animal suau i bonic per a fer la impressi\u00f3 que \u00e9s un conillet inofensiu per\u00f2 en un segon canvia la seva actitud i s&#8217;enfronta a tots aquells que pensa que s\u00f3n una amena\u00e7a.<\/p>\n<p>M&#8217;agradaria molt que fos un animal de veritat i poder cuidar-lo perqu\u00e8 em sap molt greu que hi hagi persones que abandonen els animals.\u00a0 Aix\u00f2 s\u00ed, nom\u00e9s voldria tenir-lo si t\u00e9 un bon comportament a casa meva perqu\u00e8 quan es torna boig ho destrossa tot.<\/p>\n<p><iframe loading=\"lazy\" src=\"\/\/giphy.com\/embed\/3oz8xLZ1qiYR43jYE8\" width=\"480\" height=\"480\" frameborder=\"0\"><\/iframe><\/p>\n<p>Mira com he fet <a href=\"https:\/\/agora.xtec.cat\/escolamercerodoredamartorell\/wp-content\/uploads\/usu864\/2020\/03\/DESCRIPCI\u00d3-PERSONATGE.pdf\">la descripci\u00f3 del meu personatge preferit<\/a>\u00a0i utilitza-la de guia per a fer la teva \ud83d\ude09<\/p>\n<p>&nbsp;<\/p>\n<p><strong><span style=\"color: #ff0000;\">EN<strong>V<\/strong>IA&#8217;NS UNA FOTO DE LA TEVA DESCRIPCI\u00d3 A: <span style=\"color: #99cc00;\">tercer@escolarodoreda.cat<\/span> i aix\u00ed els teus companys la podran veure!<\/span><\/strong><\/p>\n","protected":false},"excerpt":{"rendered":"<p>Quina de pel\u00b7l\u00edcules i s\u00e8ries de televisi\u00f3 estem veient aquests dies, oi? Jo acabo de veure Mascotas i el meu personatge preferit ha estat &#8220;Snowball&#8221; (o Pomp\u00f3, \u00e9s que l&#8217;hem vist en angl\u00e8s \ud83d\ude09 ).<br \/>\nQue no sabeu qui \u00e9s?\u00a0<\/p>\n<p>L&#8217;Snowball \u00e9s un adorable conillet que est\u00e0&hellip;  <a href=\"https:\/\/agora.xtec.cat\/escolamercerodoredamartorell\/cicle-mitja\/el-meu-personatge-preferit\/\" title=\"Read 3r &#8211; El meu personatge preferit ;)\">Llegeix m\u00e9s\u00bb<\/a><\/p>\n","protected":false},"author":10,"featured_media":0,"comment_status":"open","ping_status":"closed","sticky":false,"template":"","format":"standard","meta":{"_bbp_topic_count":0,"_bbp_reply_count":0,"_bbp_total_topic_count":0,"_bbp_total_reply_count":0,"_bbp_voice_count":0,"_bbp_anonymous_reply_count":0,"_bbp_topic_count_hidden":0,"_bbp_reply_count_hidden":0,"_bbp_forum_subforum_count":0,"footnotes":""},"categories":[26],"tags":[],"class_list":["post-5629","post","type-post","status-publish","format-standard","hentry","category-cicle-mitja"],"post_mailing_queue_ids":[],"_links":{"self":[{"href":"https:\/\/agora.xtec.cat\/escolamercerodoredamartorell\/wp-json\/wp\/v2\/posts\/5629","targetHints":{"allow":["GET"]}}],"collection":[{"href":"https:\/\/agora.xtec.cat\/escolamercerodoredamartorell\/wp-json\/wp\/v2\/posts"}],"about":[{"href":"https:\/\/agora.xtec.cat\/escolamercerodoredamartorell\/wp-json\/wp\/v2\/types\/post"}],"author":[{"embeddable":true,"href":"https:\/\/agora.xtec.cat\/escolamercerodoredamartorell\/wp-json\/wp\/v2\/users\/10"}],"replies":[{"embeddable":true,"href":"https:\/\/agora.xtec.cat\/escolamercerodoredamartorell\/wp-json\/wp\/v2\/comments?post=5629"}],"version-history":[{"count":3,"href":"https:\/\/agora.xtec.cat\/escolamercerodoredamartorell\/wp-json\/wp\/v2\/posts\/5629\/revisions"}],"predecessor-version":[{"id":5688,"href":"https:\/\/agora.xtec.cat\/escolamercerodoredamartorell\/wp-json\/wp\/v2\/posts\/5629\/revisions\/5688"}],"wp:attachment":[{"href":"https:\/\/agora.xtec.cat\/escolamercerodoredamartorell\/wp-json\/wp\/v2\/media?parent=5629"}],"wp:term":[{"taxonomy":"category","embeddable":true,"href":"https:\/\/agora.xtec.cat\/escolamercerodoredamartorell\/wp-json\/wp\/v2\/categories?post=5629"},{"taxonomy":"post_tag","embeddable":true,"href":"https:\/\/agora.xtec.cat\/escolamercerodoredamartorell\/wp-json\/wp\/v2\/tags?post=5629"}],"curies":[{"name":"wp","href":"https:\/\/api.w.org\/{rel}","templated":true}]}}