{"id":5597,"date":"2020-03-25T09:00:32","date_gmt":"2020-03-25T08:00:32","guid":{"rendered":"http:\/\/agora.xtec.cat\/escolamercerodoredamartorell\/?p=5597"},"modified":"2020-03-19T19:22:18","modified_gmt":"2020-03-19T18:22:18","slug":"escrivim-nos-cartes","status":"publish","type":"post","link":"https:\/\/agora.xtec.cat\/escolamercerodoredamartorell\/cicle-mitja\/escrivim-nos-cartes\/","title":{"rendered":"3r &#8211; Escrivim-nos cartes!"},"content":{"rendered":"<p><strong>Quina sort!<\/strong><\/p>\n<p>Hem d&#8217;estar tancats a casa s\u00ed&#8230; per\u00f2 ja <strong>sabem escriure cartes<\/strong>!\u00a0 Aquest curs hem escrit cartes extraterrestres per\u00f2 ara ha arribat l&#8217;hora de fer servir les nostres habilitats humanes per a escriure cartes a persones&#8230;<\/p>\n<p><span style=\"color: #3366ff;\"><strong>Qu\u00e8 a qui? <\/strong><\/span><\/p>\n<p>Doncs aix\u00f2 ho has de decidir tu! A qui vols escriure una carta ben &#8220;xuli&#8221;?<\/p>\n<p><span style=\"color: #00ccff;\"><strong>Ah! Que ja ho saps? <\/strong><\/span><\/p>\n<p>Doncs vinga, agafa paper i llapis i posa en pr\u00e0ctica aquesta cal\u00b7ligrafia tan meravellosa que saps fer.\u00a0 Anima el dia a aquesta persona tan especial en qui est\u00e0s pensant!<\/p>\n<p>Aqu\u00ed us deixem un parell d&#8217;arxius que us ajudaran a escriure cartes sense deixar-vos cap part important&#8230; Ah! I si penseu que la persona a qui voleu escriure no tindr\u00e0 paci\u00e8ncia per a rebre la carta&#8230; FES-LI UNA FOTO I ENVIA-LA pel m\u00f2bil (que sabem que ho saps fer aix\u00f2!)<\/p>\n<p><a href=\"https:\/\/agora.xtec.cat\/escolamercerodoredamartorell\/wp-content\/uploads\/usu864\/2020\/03\/LA-CARTA.pdf\">Les parts de la meva carta<\/a> \u00a0 \u00a0 \u00a0 \u00a0 \u00a0 \u00a0 \u00a0 \u00a0 <a href=\"https:\/\/agora.xtec.cat\/escolamercerodoredamartorell\/wp-content\/uploads\/usu864\/2020\/03\/Presentaci\u00f3-de-la-carta.pdf\">Qu\u00e8 \u00e9s una carta?<\/a><\/p>\n<p>&nbsp;<\/p>\n","protected":false},"excerpt":{"rendered":"<p>Quina sort!<br \/>\nHem d&#8217;estar tancats a casa s\u00ed&#8230; per\u00f2 ja sabem escriure cartes!\u00a0 Aquest curs hem escrit cartes extraterrestres per\u00f2 ara ha arribat l&#8217;hora de fer servir les nostres habilitats humanes per a escriure cartes a persones&#8230;<br \/>\nQu\u00e8 a qui?<br \/>\nDoncs aix\u00f2 ho has de decidir tu!&hellip;  <a href=\"https:\/\/agora.xtec.cat\/escolamercerodoredamartorell\/cicle-mitja\/escrivim-nos-cartes\/\" title=\"Read 3r &#8211; Escrivim-nos cartes!\">Llegeix m\u00e9s\u00bb<\/a><\/p>\n","protected":false},"author":10,"featured_media":0,"comment_status":"open","ping_status":"closed","sticky":false,"template":"","format":"standard","meta":{"_bbp_topic_count":0,"_bbp_reply_count":0,"_bbp_total_topic_count":0,"_bbp_total_reply_count":0,"_bbp_voice_count":0,"_bbp_anonymous_reply_count":0,"_bbp_topic_count_hidden":0,"_bbp_reply_count_hidden":0,"_bbp_forum_subforum_count":0,"footnotes":""},"categories":[26],"tags":[],"class_list":["post-5597","post","type-post","status-publish","format-standard","hentry","category-cicle-mitja"],"post_mailing_queue_ids":[],"_links":{"self":[{"href":"https:\/\/agora.xtec.cat\/escolamercerodoredamartorell\/wp-json\/wp\/v2\/posts\/5597","targetHints":{"allow":["GET"]}}],"collection":[{"href":"https:\/\/agora.xtec.cat\/escolamercerodoredamartorell\/wp-json\/wp\/v2\/posts"}],"about":[{"href":"https:\/\/agora.xtec.cat\/escolamercerodoredamartorell\/wp-json\/wp\/v2\/types\/post"}],"author":[{"embeddable":true,"href":"https:\/\/agora.xtec.cat\/escolamercerodoredamartorell\/wp-json\/wp\/v2\/users\/10"}],"replies":[{"embeddable":true,"href":"https:\/\/agora.xtec.cat\/escolamercerodoredamartorell\/wp-json\/wp\/v2\/comments?post=5597"}],"version-history":[{"count":2,"href":"https:\/\/agora.xtec.cat\/escolamercerodoredamartorell\/wp-json\/wp\/v2\/posts\/5597\/revisions"}],"predecessor-version":[{"id":5651,"href":"https:\/\/agora.xtec.cat\/escolamercerodoredamartorell\/wp-json\/wp\/v2\/posts\/5597\/revisions\/5651"}],"wp:attachment":[{"href":"https:\/\/agora.xtec.cat\/escolamercerodoredamartorell\/wp-json\/wp\/v2\/media?parent=5597"}],"wp:term":[{"taxonomy":"category","embeddable":true,"href":"https:\/\/agora.xtec.cat\/escolamercerodoredamartorell\/wp-json\/wp\/v2\/categories?post=5597"},{"taxonomy":"post_tag","embeddable":true,"href":"https:\/\/agora.xtec.cat\/escolamercerodoredamartorell\/wp-json\/wp\/v2\/tags?post=5597"}],"curies":[{"name":"wp","href":"https:\/\/api.w.org\/{rel}","templated":true}]}}