{"id":5502,"date":"2020-03-21T09:00:58","date_gmt":"2020-03-21T08:00:58","guid":{"rendered":"http:\/\/agora.xtec.cat\/escolamercerodoredamartorell\/?p=5502"},"modified":"2020-03-25T13:07:08","modified_gmt":"2020-03-25T12:07:08","slug":"em-quedo-a-casa","status":"publish","type":"post","link":"https:\/\/agora.xtec.cat\/escolamercerodoredamartorell\/cicle-mitja\/em-quedo-a-casa\/","title":{"rendered":"# EM QUEDO A CASA"},"content":{"rendered":"<p>Molt bon dia, nois i noies! Qu\u00e8 us sembla si ens unim al repte #emquedoacasa?<br \/>\nConsisteix a dibuixar un arc de Sant Mart\u00ed ben maco i gran amb la frase &#8220;#emquedoacasa&#8221;. Quan ho tingueu acabat ho podeu penjar al balc\u00f3 o finestra i aix\u00ed conscienciar a la gent de la import\u00e0ncia que t\u00e9 en aquests moments que tots ens quedem a casa.<br \/>\nCom ja sabeu, podeu enviar-nos una fotografia del proc\u00e9s o de la producci\u00f3 final a tercer@escolarodoreda.cat o quart@escolarodoreda.cat i la penjarem al blog de l&#8217;escola.<br \/>\nMolts \u00e0nims!<\/p>\n<p><a href=\"https:\/\/photos.google.com\/share\/AF1QipOOa_vuG8TkZWF6r-YRH7EQPqdi8cTr3YB7oWHHyxoYB0f0GjL6kGM5ao-nQQb5Ug?key=TWo1YjczNmJkcjJkMi16VTZzUG95S0l5cGs2aG1B\">Fotos arc de Sant Mart\u00ed<\/a>#emquedoacasa <a href=\"https:\/\/agora.xtec.cat\/escolamercerodoredamartorell\/wp-content\/uploads\/usu864\/2020\/03\/emquedoacasa.jpg\"><img loading=\"lazy\" decoding=\"async\" class=\"size-medium wp-image-5509 aligncenter\" src=\"https:\/\/agora.xtec.cat\/escolamercerodoredamartorell\/wp-content\/uploads\/usu864\/2020\/03\/emquedoacasa-300x300.jpg\" alt=\"\" width=\"300\" height=\"300\" srcset=\"https:\/\/agora.xtec.cat\/escolamercerodoredamartorell\/wp-content\/uploads\/usu864\/2020\/03\/emquedoacasa-300x300.jpg 300w, https:\/\/agora.xtec.cat\/escolamercerodoredamartorell\/wp-content\/uploads\/usu864\/2020\/03\/emquedoacasa-150x150.jpg 150w, https:\/\/agora.xtec.cat\/escolamercerodoredamartorell\/wp-content\/uploads\/usu864\/2020\/03\/emquedoacasa.jpg 500w\" sizes=\"auto, (max-width: 300px) 100vw, 300px\" \/><\/a><\/p>\n","protected":false},"excerpt":{"rendered":"<p>Molt bon dia, nois i noies! Qu\u00e8 us sembla si ens unim al repte #emquedoacasa?<br \/>\nConsisteix a dibuixar un arc de Sant Mart\u00ed ben maco i gran amb la frase &#8220;#emquedoacasa&#8221;. Quan ho tingueu acabat ho podeu penjar al balc\u00f3 o finestra i aix\u00ed conscienciar a&hellip;  <a href=\"https:\/\/agora.xtec.cat\/escolamercerodoredamartorell\/cicle-mitja\/em-quedo-a-casa\/\" title=\"Read # EM QUEDO A CASA\">Llegeix m\u00e9s\u00bb<\/a><\/p>\n","protected":false},"author":10,"featured_media":5509,"comment_status":"open","ping_status":"closed","sticky":false,"template":"","format":"standard","meta":{"_bbp_topic_count":0,"_bbp_reply_count":0,"_bbp_total_topic_count":0,"_bbp_total_reply_count":0,"_bbp_voice_count":0,"_bbp_anonymous_reply_count":0,"_bbp_topic_count_hidden":0,"_bbp_reply_count_hidden":0,"_bbp_forum_subforum_count":0,"footnotes":""},"categories":[26],"tags":[],"class_list":["post-5502","post","type-post","status-publish","format-standard","has-post-thumbnail","hentry","category-cicle-mitja"],"post_mailing_queue_ids":[],"_links":{"self":[{"href":"https:\/\/agora.xtec.cat\/escolamercerodoredamartorell\/wp-json\/wp\/v2\/posts\/5502","targetHints":{"allow":["GET"]}}],"collection":[{"href":"https:\/\/agora.xtec.cat\/escolamercerodoredamartorell\/wp-json\/wp\/v2\/posts"}],"about":[{"href":"https:\/\/agora.xtec.cat\/escolamercerodoredamartorell\/wp-json\/wp\/v2\/types\/post"}],"author":[{"embeddable":true,"href":"https:\/\/agora.xtec.cat\/escolamercerodoredamartorell\/wp-json\/wp\/v2\/users\/10"}],"replies":[{"embeddable":true,"href":"https:\/\/agora.xtec.cat\/escolamercerodoredamartorell\/wp-json\/wp\/v2\/comments?post=5502"}],"version-history":[{"count":3,"href":"https:\/\/agora.xtec.cat\/escolamercerodoredamartorell\/wp-json\/wp\/v2\/posts\/5502\/revisions"}],"predecessor-version":[{"id":5518,"href":"https:\/\/agora.xtec.cat\/escolamercerodoredamartorell\/wp-json\/wp\/v2\/posts\/5502\/revisions\/5518"}],"wp:featuredmedia":[{"embeddable":true,"href":"https:\/\/agora.xtec.cat\/escolamercerodoredamartorell\/wp-json\/wp\/v2\/media\/5509"}],"wp:attachment":[{"href":"https:\/\/agora.xtec.cat\/escolamercerodoredamartorell\/wp-json\/wp\/v2\/media?parent=5502"}],"wp:term":[{"taxonomy":"category","embeddable":true,"href":"https:\/\/agora.xtec.cat\/escolamercerodoredamartorell\/wp-json\/wp\/v2\/categories?post=5502"},{"taxonomy":"post_tag","embeddable":true,"href":"https:\/\/agora.xtec.cat\/escolamercerodoredamartorell\/wp-json\/wp\/v2\/tags?post=5502"}],"curies":[{"name":"wp","href":"https:\/\/api.w.org\/{rel}","templated":true}]}}