{"id":5364,"date":"2020-03-17T18:50:43","date_gmt":"2020-03-17T17:50:43","guid":{"rendered":"http:\/\/agora.xtec.cat\/escolamercerodoredamartorell\/?p=5364"},"modified":"2020-03-18T17:08:35","modified_gmt":"2020-03-18T16:08:35","slug":"feines-de-religio-catolica-pels-dies-de-confinament","status":"publish","type":"post","link":"https:\/\/agora.xtec.cat\/escolamercerodoredamartorell\/general\/feines-de-religio-catolica-pels-dies-de-confinament\/","title":{"rendered":"Activitats de Religi\u00f3 Cat\u00f2lica pels dies de confinament"},"content":{"rendered":"<p>Benvolgudes fam\u00edlies i alumnes,<\/p>\n<p>Aquests dies de confinament es faran llargs, per\u00f2 junts podrem i ens retrobarem amb m\u00e9s ganes que mai. Mentre estic a casa ben confinada cuidant dels meus avis, penso en tots vosaltres i les xarrades, i feines que hem fet al llarg d&#8217;aquest curs. No vull que perdeu aquest di\u00e0leg cr\u00edtic, i els raonaments que feu respecte a la religi\u00f3 cat\u00f2lica. Per aix\u00f2 he creat aquest document amb propostes. Veureu que he creat tamb\u00e9 un gmail ( religioactiva@gmail.com) per a qu\u00e8 poguem estar en contacte si voleu, i em feu arribar les vostres, respostes, propostes, dubtes, neguits&#8230;Jo continuo aqu\u00ed al vostre costat, com ho fa la fam\u00edlia, i com ho fa D\u00e9u amb tots nosaltres.<\/p>\n<p>Al document (clicant a la imatge) trobareu propostes d&#8217;activitats pensades pel vostre nivell (curs), i si us animeu a fer alguna que correspongui a un altre nivell, no hi ha cap problema ?.<\/p>\n<p>Cuideu-vos molt!! Seguim en contacte.<\/p>\n<p>Petons i abra\u00e7ades,<\/p>\n<p>Laura<\/p>\n<p><a href=\"https:\/\/drive.google.com\/file\/d\/1L21Ijcl69saH0kWYdygt9tK9Nmi1OfRn\/view?usp=drivesdk\"><img loading=\"lazy\" decoding=\"async\" class=\"alignnone size-full wp-image-5366\" src=\"https:\/\/agora.xtec.cat\/escolamercerodoredamartorell\/wp-content\/uploads\/usu864\/2020\/03\/9CFE7AE8-DDAB-40B6-992F-921C0C3734FA.jpeg\" alt=\"\" width=\"570\" height=\"382\" srcset=\"https:\/\/agora.xtec.cat\/escolamercerodoredamartorell\/wp-content\/uploads\/usu864\/2020\/03\/9CFE7AE8-DDAB-40B6-992F-921C0C3734FA.jpeg 570w, https:\/\/agora.xtec.cat\/escolamercerodoredamartorell\/wp-content\/uploads\/usu864\/2020\/03\/9CFE7AE8-DDAB-40B6-992F-921C0C3734FA-300x201.jpeg 300w\" sizes=\"auto, (max-width: 570px) 100vw, 570px\" \/><\/a><\/p>\n","protected":false},"excerpt":{"rendered":"<p>Benvolgudes fam\u00edlies i alumnes, Aquests dies de confinament es faran llargs, per\u00f2 junts podrem i ens retrobarem amb m\u00e9s ganes que mai. Mentre estic a casa ben confinada cuidant dels meus avis, penso en tots vosaltres i les xarrades, i feines que hem fet al llarg d&#8217;aquest curs. No vull que perdeu aquest di\u00e0leg cr\u00edtic, [&hellip;]<\/p>\n","protected":false},"author":6,"featured_media":5366,"comment_status":"open","ping_status":"closed","sticky":false,"template":"","format":"standard","meta":{"_bbp_topic_count":0,"_bbp_reply_count":0,"_bbp_total_topic_count":0,"_bbp_total_reply_count":0,"_bbp_voice_count":0,"_bbp_anonymous_reply_count":0,"_bbp_topic_count_hidden":0,"_bbp_reply_count_hidden":0,"_bbp_forum_subforum_count":0,"site-sidebar-layout":"default","site-content-layout":"","ast-site-content-layout":"","site-content-style":"default","site-sidebar-style":"default","ast-global-header-display":"","ast-banner-title-visibility":"","ast-main-header-display":"","ast-hfb-above-header-display":"","ast-hfb-below-header-display":"","ast-hfb-mobile-header-display":"","site-post-title":"","ast-breadcrumbs-content":"","ast-featured-img":"","footer-sml-layout":"","theme-transparent-header-meta":"","adv-header-id-meta":"","stick-header-meta":"","header-above-stick-meta":"","header-main-stick-meta":"","header-below-stick-meta":"","astra-migrate-meta-layouts":"default","ast-page-background-enabled":"default","ast-page-background-meta":{"desktop":{"background-color":"var(--ast-global-color-4)","background-image":"","background-repeat":"repeat","background-position":"center center","background-size":"auto","background-attachment":"scroll","background-type":"","background-media":"","overlay-type":"","overlay-color":"","overlay-opacity":"","overlay-gradient":""},"tablet":{"background-color":"","background-image":"","background-repeat":"repeat","background-position":"center center","background-size":"auto","background-attachment":"scroll","background-type":"","background-media":"","overlay-type":"","overlay-color":"","overlay-opacity":"","overlay-gradient":""},"mobile":{"background-color":"","background-image":"","background-repeat":"repeat","background-position":"center center","background-size":"auto","background-attachment":"scroll","background-type":"","background-media":"","overlay-type":"","overlay-color":"","overlay-opacity":"","overlay-gradient":""}},"ast-content-background-meta":{"desktop":{"background-color":"var(--ast-global-color-5)","background-image":"","background-repeat":"repeat","background-position":"center center","background-size":"auto","background-attachment":"scroll","background-type":"","background-media":"","overlay-type":"","overlay-color":"","overlay-opacity":"","overlay-gradient":""},"tablet":{"background-color":"var(--ast-global-color-5)","background-image":"","background-repeat":"repeat","background-position":"center center","background-size":"auto","background-attachment":"scroll","background-type":"","background-media":"","overlay-type":"","overlay-color":"","overlay-opacity":"","overlay-gradient":""},"mobile":{"background-color":"var(--ast-global-color-5)","background-image":"","background-repeat":"repeat","background-position":"center center","background-size":"auto","background-attachment":"scroll","background-type":"","background-media":"","overlay-type":"","overlay-color":"","overlay-opacity":"","overlay-gradient":""}},"footnotes":""},"categories":[1],"tags":[86,207],"class_list":["post-5364","post","type-post","status-publish","format-standard","has-post-thumbnail","hentry","category-general","tag-activitats","tag-familia"],"post_mailing_queue_ids":[],"_links":{"self":[{"href":"https:\/\/agora.xtec.cat\/escolamercerodoredamartorell\/wp-json\/wp\/v2\/posts\/5364","targetHints":{"allow":["GET"]}}],"collection":[{"href":"https:\/\/agora.xtec.cat\/escolamercerodoredamartorell\/wp-json\/wp\/v2\/posts"}],"about":[{"href":"https:\/\/agora.xtec.cat\/escolamercerodoredamartorell\/wp-json\/wp\/v2\/types\/post"}],"author":[{"embeddable":true,"href":"https:\/\/agora.xtec.cat\/escolamercerodoredamartorell\/wp-json\/wp\/v2\/users\/6"}],"replies":[{"embeddable":true,"href":"https:\/\/agora.xtec.cat\/escolamercerodoredamartorell\/wp-json\/wp\/v2\/comments?post=5364"}],"version-history":[{"count":4,"href":"https:\/\/agora.xtec.cat\/escolamercerodoredamartorell\/wp-json\/wp\/v2\/posts\/5364\/revisions"}],"predecessor-version":[{"id":5471,"href":"https:\/\/agora.xtec.cat\/escolamercerodoredamartorell\/wp-json\/wp\/v2\/posts\/5364\/revisions\/5471"}],"wp:featuredmedia":[{"embeddable":true,"href":"https:\/\/agora.xtec.cat\/escolamercerodoredamartorell\/wp-json\/wp\/v2\/media\/5366"}],"wp:attachment":[{"href":"https:\/\/agora.xtec.cat\/escolamercerodoredamartorell\/wp-json\/wp\/v2\/media?parent=5364"}],"wp:term":[{"taxonomy":"category","embeddable":true,"href":"https:\/\/agora.xtec.cat\/escolamercerodoredamartorell\/wp-json\/wp\/v2\/categories?post=5364"},{"taxonomy":"post_tag","embeddable":true,"href":"https:\/\/agora.xtec.cat\/escolamercerodoredamartorell\/wp-json\/wp\/v2\/tags?post=5364"}],"curies":[{"name":"wp","href":"https:\/\/api.w.org\/{rel}","templated":true}]}}