{"id":4856,"date":"2020-01-29T00:00:03","date_gmt":"2020-01-28T23:00:03","guid":{"rendered":"http:\/\/agora.xtec.cat\/escolamercerodoredamartorell\/?p=4856"},"modified":"2020-01-29T13:51:18","modified_gmt":"2020-01-29T12:51:18","slug":"els-plastics","status":"publish","type":"post","link":"https:\/\/agora.xtec.cat\/escolamercerodoredamartorell\/general\/els-plastics\/","title":{"rendered":"ELS PL\u00c0STICS"},"content":{"rendered":"<p><b>PL\u00c0STICS: AVANTATGES I INCONVENIENTS.<img loading=\"lazy\" decoding=\"async\" class=\"alignleft\" src=\"https:\/\/lafurapenedes.cat\/wp-content\/uploads\/2018\/10\/iStock-903246318.jpg\" alt=\"Resultado de imagen de pl\u00e0stics a casa\" width=\"462\" height=\"308\" \/><\/b><\/p>\n<p><span style=\"font-weight: 400;\">El pl\u00e0stic s\u2019ha convertit en un greu problema, ambiental, social i tamb\u00e9 per a la salut de les persones. La seva producci\u00f3 s\u2019ha duplicat en els \u00faltims quinze anys i continua creixent a un ritme alarmant. Tan sols una petita quantitat, el 9% es re-utilitza o recicla. La resta acabar\u00e0 en incineradores o abocadors o directament al medi, <\/span><b>CONTAMINANT EL S\u00d2L, L\u2019AIRE I L\u2019AIGUA.<\/b><\/p>\n<p><span style=\"font-weight: 400;\">Bosses, bol\u00edgrafs, retoladors, sabates, roba, ampolles i altres envasos, joguines, ordinadors, materials per a la construcci\u00f3, cotxes, avions, compreses, targetes de cr\u00e8dit\u2026 El pl\u00e0stic \u00e9s per tot arreu! Tant, que \u00e9s dif\u00edcil pensar en alguna activitat en qu\u00e8 no sigui present.<\/span><\/p>\n<p><span style=\"font-weight: 400;\">Tot i que es tracta d\u2019un gran invent que ens ha perm\u00e8s volar, viatjar, jugar, estudiar i comprar, i que ha revolucionat la medicina, en els \u00faltims anys el pl\u00e0stic s\u2019ha convertit en un greu problema ambiental, social i per a la salut de les persones.<\/span><\/p>\n<p><span style=\"font-weight: 400;\">Ho anirem descobrint al llarg d\u2019aquest curs! I \u00e9s que durant aquests mesos ens hem proposat un repte:<\/span><b>\u00a0<\/b><\/p>\n<p><b>DISMINUIR LA PRES\u00c8NCIA DEL PL\u00c0STIC A LES NOSTRES VIDES<\/b><\/p>\n<p><b>REPTE 1<\/b><\/p>\n<p><span style=\"font-weight: 400;\">Teniu idea de la quantitat de residus pl\u00e0stics que generem?<\/span><\/p>\n<p><span style=\"font-weight: 400;\">Us proposem una manera de comprovar-ho:<\/span><\/p>\n<ol>\n<li style=\"font-weight: 400;\"><span style=\"font-weight: 400;\">Amb la vostra fam\u00edlia, acumuleu durant una setmana tots els residus pl\u00e0stics que h\u00e0giu generat en aquest temps.<\/span><\/li>\n<li style=\"font-weight: 400;\"><span style=\"font-weight: 400;\">Feu-vos una fotografia i al final de la setmana\u00a0 envieu-nos-la a <\/span><a href=\"mailto:eevv@escolarodoreda.cat\"><b>eevv@escolarodoreda.cat<\/b><\/a><span style=\"font-weight: 400;\">.<\/span><\/li>\n<li style=\"font-weight: 400;\"><span style=\"font-weight: 400;\">Amb les fotografies rebudes, farem un mural amb totes les imatges recollides, amb el t\u00edtol \u201cUna setmana de pl\u00e0stics\u201d.<\/span><\/li>\n<\/ol>\n","protected":false},"excerpt":{"rendered":"<p>PL\u00c0STICS: AVANTATGES I INCONVENIENTS.<br \/>\nEl pl\u00e0stic s\u2019ha convertit en un greu problema, ambiental, social i tamb\u00e9 per a la salut de les persones. La seva producci\u00f3 s\u2019ha duplicat en els \u00faltims quinze anys i continua creixent a un ritme alarmant. Tan sols una petita quantitat, el&hellip;  <a href=\"https:\/\/agora.xtec.cat\/escolamercerodoredamartorell\/general\/els-plastics\/\" title=\"Read ELS PL\u00c0STICS\">Llegeix m\u00e9s\u00bb<\/a><\/p>\n","protected":false},"author":8,"featured_media":4901,"comment_status":"open","ping_status":"closed","sticky":false,"template":"","format":"standard","meta":{"_bbp_topic_count":0,"_bbp_reply_count":0,"_bbp_total_topic_count":0,"_bbp_total_reply_count":0,"_bbp_voice_count":0,"_bbp_anonymous_reply_count":0,"_bbp_topic_count_hidden":0,"_bbp_reply_count_hidden":0,"_bbp_forum_subforum_count":0,"footnotes":""},"categories":[44,1],"tags":[],"class_list":["post-4856","post","type-post","status-publish","format-standard","has-post-thumbnail","hentry","category-escoles-verdes","category-general"],"post_mailing_queue_ids":[],"_links":{"self":[{"href":"https:\/\/agora.xtec.cat\/escolamercerodoredamartorell\/wp-json\/wp\/v2\/posts\/4856","targetHints":{"allow":["GET"]}}],"collection":[{"href":"https:\/\/agora.xtec.cat\/escolamercerodoredamartorell\/wp-json\/wp\/v2\/posts"}],"about":[{"href":"https:\/\/agora.xtec.cat\/escolamercerodoredamartorell\/wp-json\/wp\/v2\/types\/post"}],"author":[{"embeddable":true,"href":"https:\/\/agora.xtec.cat\/escolamercerodoredamartorell\/wp-json\/wp\/v2\/users\/8"}],"replies":[{"embeddable":true,"href":"https:\/\/agora.xtec.cat\/escolamercerodoredamartorell\/wp-json\/wp\/v2\/comments?post=4856"}],"version-history":[{"count":2,"href":"https:\/\/agora.xtec.cat\/escolamercerodoredamartorell\/wp-json\/wp\/v2\/posts\/4856\/revisions"}],"predecessor-version":[{"id":4900,"href":"https:\/\/agora.xtec.cat\/escolamercerodoredamartorell\/wp-json\/wp\/v2\/posts\/4856\/revisions\/4900"}],"wp:featuredmedia":[{"embeddable":true,"href":"https:\/\/agora.xtec.cat\/escolamercerodoredamartorell\/wp-json\/wp\/v2\/media\/4901"}],"wp:attachment":[{"href":"https:\/\/agora.xtec.cat\/escolamercerodoredamartorell\/wp-json\/wp\/v2\/media?parent=4856"}],"wp:term":[{"taxonomy":"category","embeddable":true,"href":"https:\/\/agora.xtec.cat\/escolamercerodoredamartorell\/wp-json\/wp\/v2\/categories?post=4856"},{"taxonomy":"post_tag","embeddable":true,"href":"https:\/\/agora.xtec.cat\/escolamercerodoredamartorell\/wp-json\/wp\/v2\/tags?post=4856"}],"curies":[{"name":"wp","href":"https:\/\/api.w.org\/{rel}","templated":true}]}}