{"id":3796,"date":"2019-02-08T21:47:02","date_gmt":"2019-02-08T20:47:02","guid":{"rendered":"http:\/\/agora.xtec.cat\/escolamercerodoredamartorell\/?p=3796"},"modified":"2019-02-08T21:49:04","modified_gmt":"2019-02-08T20:49:04","slug":"lestergit-a-lenrajolada","status":"publish","type":"post","link":"https:\/\/agora.xtec.cat\/escolamercerodoredamartorell\/cicle-mitja\/lestergit-a-lenrajolada\/","title":{"rendered":"L&#8217;estergit a l&#8217;Enrajolada"},"content":{"rendered":"<p>L&#8217;<b>estergit\u00a0<\/b>\u00e9s una t\u00e8cnica\u00a0art\u00edstica\u00a0de decoraci\u00f3 gr\u00e0fica consistent en aplicar p\u00f3lvores de color, pintura o similars a trav\u00e9s d&#8217;una plantilla (anomenada\u00a0<b>estergit<\/b>) amb el dibuix a obtenir retallat o perforat.<\/p>\n<p>Aquesta setmana els nois i noies de tercer han pogut fer un taller d&#8217;estergit a l&#8217;Enrajolada.<\/p>\n<p><a href=\"https:\/\/photos.app.goo.gl\/ed6Ng3BzakqNFNh77\" target=\"_blank\" rel=\"noopener\">Voleu veure com ho vam fer?<\/a><\/p>\n","protected":false},"excerpt":{"rendered":"<p>L&#8217;estergit\u00a0\u00e9s una t\u00e8cnica\u00a0art\u00edstica\u00a0de decoraci\u00f3 gr\u00e0fica consistent en aplicar p\u00f3lvores de color, pintura o similars a trav\u00e9s d&#8217;una plantilla (anomenada\u00a0estergit) amb el dibuix a obtenir retallat o perforat.<br \/>\nAquesta setmana els nois i noies de tercer han pogut fer un taller d&#8217;estergit a l&#8217;Enrajolada.<br \/>\n<a href=\"https:\/\/photos.app.goo.gl\/ed6Ng3BzakqNFNh77\" target=\"_blank\" rel=\"noopener\">Voleu&hellip;  <a href=\"https:\/\/agora.xtec.cat\/escolamercerodoredamartorell\/cicle-mitja\/lestergit-a-lenrajolada\/\" title=\"Read L&#8217;estergit a l&#8217;Enrajolada\">Llegeix m\u00e9s\u00bb<\/a><\/p>\n","protected":false},"author":1,"featured_media":3798,"comment_status":"closed","ping_status":"closed","sticky":false,"template":"","format":"standard","meta":{"_bbp_topic_count":0,"_bbp_reply_count":0,"_bbp_total_topic_count":0,"_bbp_total_reply_count":0,"_bbp_voice_count":0,"_bbp_anonymous_reply_count":0,"_bbp_topic_count_hidden":0,"_bbp_reply_count_hidden":0,"_bbp_forum_subforum_count":0,"footnotes":""},"categories":[26],"tags":[],"class_list":["post-3796","post","type-post","status-publish","format-standard","has-post-thumbnail","hentry","category-cicle-mitja"],"post_mailing_queue_ids":[],"_links":{"self":[{"href":"https:\/\/agora.xtec.cat\/escolamercerodoredamartorell\/wp-json\/wp\/v2\/posts\/3796","targetHints":{"allow":["GET"]}}],"collection":[{"href":"https:\/\/agora.xtec.cat\/escolamercerodoredamartorell\/wp-json\/wp\/v2\/posts"}],"about":[{"href":"https:\/\/agora.xtec.cat\/escolamercerodoredamartorell\/wp-json\/wp\/v2\/types\/post"}],"author":[{"embeddable":true,"href":"https:\/\/agora.xtec.cat\/escolamercerodoredamartorell\/wp-json\/wp\/v2\/users\/1"}],"replies":[{"embeddable":true,"href":"https:\/\/agora.xtec.cat\/escolamercerodoredamartorell\/wp-json\/wp\/v2\/comments?post=3796"}],"version-history":[{"count":1,"href":"https:\/\/agora.xtec.cat\/escolamercerodoredamartorell\/wp-json\/wp\/v2\/posts\/3796\/revisions"}],"predecessor-version":[{"id":3797,"href":"https:\/\/agora.xtec.cat\/escolamercerodoredamartorell\/wp-json\/wp\/v2\/posts\/3796\/revisions\/3797"}],"wp:featuredmedia":[{"embeddable":true,"href":"https:\/\/agora.xtec.cat\/escolamercerodoredamartorell\/wp-json\/wp\/v2\/media\/3798"}],"wp:attachment":[{"href":"https:\/\/agora.xtec.cat\/escolamercerodoredamartorell\/wp-json\/wp\/v2\/media?parent=3796"}],"wp:term":[{"taxonomy":"category","embeddable":true,"href":"https:\/\/agora.xtec.cat\/escolamercerodoredamartorell\/wp-json\/wp\/v2\/categories?post=3796"},{"taxonomy":"post_tag","embeddable":true,"href":"https:\/\/agora.xtec.cat\/escolamercerodoredamartorell\/wp-json\/wp\/v2\/tags?post=3796"}],"curies":[{"name":"wp","href":"https:\/\/api.w.org\/{rel}","templated":true}]}}