{"id":3668,"date":"2019-01-09T12:08:23","date_gmt":"2019-01-09T11:08:23","guid":{"rendered":"http:\/\/agora.xtec.cat\/escolamercerodoredamartorell\/?p=3668"},"modified":"2020-12-21T19:28:32","modified_gmt":"2020-12-21T18:28:32","slug":"el-nadal-a-cicle-inicial","status":"publish","type":"post","link":"https:\/\/agora.xtec.cat\/escolamercerodoredamartorell\/general\/el-nadal-a-cicle-inicial\/","title":{"rendered":"El Nadal a Cicle Inicial"},"content":{"rendered":"<p>Els dies abans de Nadal hem estat molt entretinguts preparant el <a href=\"https:\/\/photos.app.goo.gl\/QGgexhQUwPjk8u3JA\" target=\"_blank\" rel=\"noopener noreferrer\">concert<\/a>, fent <a href=\"https:\/\/photos.app.goo.gl\/hnyagQbQoFdaDMpn9\" target=\"_blank\" rel=\"noopener noreferrer\">tallers<\/a> per la decoraci\u00f3 del vest\u00edbul, la postal&#8230; Tamb\u00e9 hem fet cagar el <a href=\"https:\/\/photos.app.goo.gl\/qgd8FURC5hQ8vA7A6\" target=\"_blank\" rel=\"noopener noreferrer\">ti\u00f3<\/a> i ens ha visitat un <a href=\"https:\/\/photos.app.goo.gl\/jov28sq3BezviJ2y8\" target=\"_blank\" rel=\"noopener noreferrer\">Patge<\/a> Reial. Us volem deixar algunes instant\u00e0nies d&#8217;aquestes activitats que tant hem gaudit, heu de clicar a sobre de les paraules destacades per tal de veures les fotos.<\/p>\n","protected":false},"excerpt":{"rendered":"<p>Els dies abans de Nadal hem estat molt entretinguts preparant el <a href=\"https:\/\/photos.app.goo.gl\/QGgexhQUwPjk8u3JA\" target=\"_blank\" rel=\"noopener noreferrer\">concert<\/a>, fent <a href=\"https:\/\/photos.app.goo.gl\/hnyagQbQoFdaDMpn9\" target=\"_blank\" rel=\"noopener noreferrer\">tallers<\/a> per la decoraci\u00f3 del vest\u00edbul, la postal&#8230; Tamb\u00e9 hem fet cagar el <a href=\"https:\/\/photos.app.goo.gl\/qgd8FURC5hQ8vA7A6\" target=\"_blank\" rel=\"noopener noreferrer\">ti\u00f3<\/a> i ens ha visitat un <a&hellip;  <a href=\"https:\/\/agora.xtec.cat\/escolamercerodoredamartorell\/general\/el-nadal-a-cicle-inicial\/\" title=\"Read El Nadal a Cicle Inicial\">Llegeix m\u00e9s\u00bb<\/a><\/p>\n","protected":false},"author":9,"featured_media":3672,"comment_status":"open","ping_status":"closed","sticky":false,"template":"","format":"standard","meta":{"_bbp_topic_count":0,"_bbp_reply_count":0,"_bbp_total_topic_count":0,"_bbp_total_reply_count":0,"_bbp_voice_count":0,"_bbp_anonymous_reply_count":0,"_bbp_topic_count_hidden":0,"_bbp_reply_count_hidden":0,"_bbp_forum_subforum_count":0,"footnotes":""},"categories":[1,274],"tags":[],"class_list":["post-3668","post","type-post","status-publish","format-standard","has-post-thumbnail","hentry","category-general","category-mitjans"],"post_mailing_queue_ids":[],"_links":{"self":[{"href":"https:\/\/agora.xtec.cat\/escolamercerodoredamartorell\/wp-json\/wp\/v2\/posts\/3668","targetHints":{"allow":["GET"]}}],"collection":[{"href":"https:\/\/agora.xtec.cat\/escolamercerodoredamartorell\/wp-json\/wp\/v2\/posts"}],"about":[{"href":"https:\/\/agora.xtec.cat\/escolamercerodoredamartorell\/wp-json\/wp\/v2\/types\/post"}],"author":[{"embeddable":true,"href":"https:\/\/agora.xtec.cat\/escolamercerodoredamartorell\/wp-json\/wp\/v2\/users\/9"}],"replies":[{"embeddable":true,"href":"https:\/\/agora.xtec.cat\/escolamercerodoredamartorell\/wp-json\/wp\/v2\/comments?post=3668"}],"version-history":[{"count":3,"href":"https:\/\/agora.xtec.cat\/escolamercerodoredamartorell\/wp-json\/wp\/v2\/posts\/3668\/revisions"}],"predecessor-version":[{"id":8272,"href":"https:\/\/agora.xtec.cat\/escolamercerodoredamartorell\/wp-json\/wp\/v2\/posts\/3668\/revisions\/8272"}],"wp:featuredmedia":[{"embeddable":true,"href":"https:\/\/agora.xtec.cat\/escolamercerodoredamartorell\/wp-json\/wp\/v2\/media\/3672"}],"wp:attachment":[{"href":"https:\/\/agora.xtec.cat\/escolamercerodoredamartorell\/wp-json\/wp\/v2\/media?parent=3668"}],"wp:term":[{"taxonomy":"category","embeddable":true,"href":"https:\/\/agora.xtec.cat\/escolamercerodoredamartorell\/wp-json\/wp\/v2\/categories?post=3668"},{"taxonomy":"post_tag","embeddable":true,"href":"https:\/\/agora.xtec.cat\/escolamercerodoredamartorell\/wp-json\/wp\/v2\/tags?post=3668"}],"curies":[{"name":"wp","href":"https:\/\/api.w.org\/{rel}","templated":true}]}}