{"id":3405,"date":"2018-11-19T13:27:58","date_gmt":"2018-11-19T12:27:58","guid":{"rendered":"http:\/\/agora.xtec.cat\/escolamercerodoredamartorell\/?p=3405"},"modified":"2018-11-19T13:31:00","modified_gmt":"2018-11-19T12:31:00","slug":"hem-visitat-la-biblioteca-municipal-p5b","status":"publish","type":"post","link":"https:\/\/agora.xtec.cat\/escolamercerodoredamartorell\/petits\/hem-visitat-la-biblioteca-municipal-p5b\/","title":{"rendered":"Hem visitat la biblioteca municipal ( P5B )"},"content":{"rendered":"<p>&nbsp;<\/p>\n<p>El dimarts 16\u00a0<span style=\"color: #000000;\"><a style=\"color: #000000;\" href=\"https:\/\/photos.app.goo.gl\/B3jnig5fRJuMWZfT6\">\u00a0de novembre els infants de la classe dels \u00e0necs hem anat\u00a0 a visitar la biblioteca municipal. Els han explicat totes les activitats que podien fer i despr\u00e9s han estan mirant llibres i contes.<\/a><\/span><\/p>\n<p>&nbsp;<\/p>\n<p>Aqui teniu algunes fotos per\u00f2 si entreu en la p\u00e0gina de la biblioteca i trobareu unes altres que n&#8217;han fet bibliotec\u00e0ries.<\/p>\n<p>Animeu-vos i visiteu la biblioteca \u00e9s un espai molt acollidor en el qual fan activitats pels infants molt engrescadores per incentivar la lectura com ara : &#8221; l&#8217;hora del conte &#8221;<\/p>\n<p><a href=\"https:\/\/photos.app.goo.gl\/B3jnig5fRJuMWZfT6\">https:\/\/photos.app.goo.gl\/B3jnig5fRJuMWZfT6<\/a><\/p>\n","protected":false},"excerpt":{"rendered":"<p>&nbsp;<br \/>\nEl dimarts 16\u00a0<a style=\"color: #000000;\" href=\"https:\/\/photos.app.goo.gl\/B3jnig5fRJuMWZfT6\">\u00a0de novembre els infants de la classe dels \u00e0necs hem anat\u00a0 a visitar la biblioteca municipal. Els han explicat totes les activitats que podien fer i despr\u00e9s han estan mirant llibres i contes.<\/a><br \/>\n&nbsp;<br \/>\nAqui teniu algunes fotos per\u00f2 si entreu en&hellip;  <a href=\"https:\/\/agora.xtec.cat\/escolamercerodoredamartorell\/petits\/hem-visitat-la-biblioteca-municipal-p5b\/\" title=\"Read Hem visitat la biblioteca municipal ( P5B )\">Llegeix m\u00e9s\u00bb<\/a><\/p>\n","protected":false},"author":7,"featured_media":0,"comment_status":"open","ping_status":"closed","sticky":false,"template":"","format":"standard","meta":{"_bbp_topic_count":0,"_bbp_reply_count":0,"_bbp_total_topic_count":0,"_bbp_total_reply_count":0,"_bbp_voice_count":0,"_bbp_anonymous_reply_count":0,"_bbp_topic_count_hidden":0,"_bbp_reply_count_hidden":0,"_bbp_forum_subforum_count":0,"footnotes":""},"categories":[137,28],"tags":[],"class_list":["post-3405","post","type-post","status-publish","format-standard","hentry","category-p-5","category-petits"],"post_mailing_queue_ids":[],"_links":{"self":[{"href":"https:\/\/agora.xtec.cat\/escolamercerodoredamartorell\/wp-json\/wp\/v2\/posts\/3405","targetHints":{"allow":["GET"]}}],"collection":[{"href":"https:\/\/agora.xtec.cat\/escolamercerodoredamartorell\/wp-json\/wp\/v2\/posts"}],"about":[{"href":"https:\/\/agora.xtec.cat\/escolamercerodoredamartorell\/wp-json\/wp\/v2\/types\/post"}],"author":[{"embeddable":true,"href":"https:\/\/agora.xtec.cat\/escolamercerodoredamartorell\/wp-json\/wp\/v2\/users\/7"}],"replies":[{"embeddable":true,"href":"https:\/\/agora.xtec.cat\/escolamercerodoredamartorell\/wp-json\/wp\/v2\/comments?post=3405"}],"version-history":[{"count":3,"href":"https:\/\/agora.xtec.cat\/escolamercerodoredamartorell\/wp-json\/wp\/v2\/posts\/3405\/revisions"}],"predecessor-version":[{"id":3410,"href":"https:\/\/agora.xtec.cat\/escolamercerodoredamartorell\/wp-json\/wp\/v2\/posts\/3405\/revisions\/3410"}],"wp:attachment":[{"href":"https:\/\/agora.xtec.cat\/escolamercerodoredamartorell\/wp-json\/wp\/v2\/media?parent=3405"}],"wp:term":[{"taxonomy":"category","embeddable":true,"href":"https:\/\/agora.xtec.cat\/escolamercerodoredamartorell\/wp-json\/wp\/v2\/categories?post=3405"},{"taxonomy":"post_tag","embeddable":true,"href":"https:\/\/agora.xtec.cat\/escolamercerodoredamartorell\/wp-json\/wp\/v2\/tags?post=3405"}],"curies":[{"name":"wp","href":"https:\/\/api.w.org\/{rel}","templated":true}]}}