{"id":2856,"date":"2018-06-28T13:18:08","date_gmt":"2018-06-28T11:18:08","guid":{"rendered":"http:\/\/agora.xtec.cat\/escolamercerodoredamartorell\/?p=2856"},"modified":"2020-12-21T19:29:43","modified_gmt":"2020-12-21T18:29:43","slug":"taller-a-la-biblioteca-de-lescola-diversitat","status":"publish","type":"post","link":"https:\/\/agora.xtec.cat\/escolamercerodoredamartorell\/mitjans\/taller-a-la-biblioteca-de-lescola-diversitat\/","title":{"rendered":"Taller a la biblioteca de l&#8217;escola 2n B: DIVERSITAT"},"content":{"rendered":"<p>Aquest curs hem tingut la sort de comptar amb la participaci\u00f3 de la Raquel que ha vingut de pr\u00e0ctiques a la biblioteca i que ha fet una sessi\u00f3 ben interessant on els infants han explicat i han apr\u00e8s coses en la que ens assemblem i les coses que ens diferencien<\/p>\n<p>QUE NO S\u00d3N TANTES<\/p>\n<p><a href=\"https:\/\/drive.google.com\/open?id=1JVvvyGqh5JnkU447-guLsPodpSZcIXD0\">https:\/\/drive.google.com\/open?id=1JVvvyGqh5JnkU447-guLsPodpSZcIXD0<\/a><\/p>\n<p><a href=\"https:\/\/drive.google.com\/open?id=1JVvvyGqh5JnkU447-guLsPodpSZcIXD0\">https:\/\/drive.google.com\/open?id=1JVvvyGqh5JnkU447-guLsPodpSZcIXD0<\/a><\/p>\n<p>https:\/\/drive.google.com\/open?id=1U0pfHTB2QYcM8UqhXtNSIj7Bo_jZ7C3O<\/p>\n<p><a href=\"https:\/\/drive.google.com\/open?id=1Mjh4dhbP_hccLHb-Lf8Hc2WCHqAaH21P\">https:\/\/drive.google.com\/open?id=1Mjh4dhbP_hccLHb-Lf8Hc2WCHqAaH21P<\/a><\/p>\n<p><img decoding=\"async\" src=\"https:\/\/lh3.googleusercontent.com\/P8ZDqdIaDDVeQqdFt6bROk7ZitAHXyfdTD-nr3chKGfgtN7OfE6pPAnJdibzqh6v41Wkiie0u35C8pOrwTc4g29rOBNK301dpmdMhg1Yql-JVfdletbp2MczzWvgTe-q7MxlJPXhtu13G8fwl38i8gXlT2_ivLYLMJK25f-E2mZMdcFz7eXbAOohIIpRzsTrkma_m1mUzAN1RYjpUDGAjW0QGE8vh_KXmpHSlXFkWaUwkWDQ4JcoRePYfxF3auKEC2nCrZLYSfmULq2Le8bkIWt0JE3iYpdZmQxS9SWB-J9sFGTXmM6x1sD-nj--4DpN6wNYZzCoOJX9tONW8r63arpeFFQ57LzO7OXNN2erFd4Z7CmemWYJxMdnbgRH6vTQnqeyCjyER8Zk8ceRAGO0eX8o8_cuJj-Rk08MGIfVSrkDt9v0Q391XeNHHmTGQOj8gA3K4SRkMLqkTsBhIhq_Q7QFEe69X8QnI6VsrfmswQXIQHHFVbmZgShf7p75yZZ4pS2j-2z0vvE_iu8s7UTwmQ_RimKwHN9zbUmG1p51Kh-fP0k4ZkcmV3DXkbEZyj-WKa1YNmpvDttGR0Njer4HCOT6n-GWxCMUd5KnApE=w883-h662-no\" \/><\/p>\n<p>&nbsp;<\/p>\n","protected":false},"excerpt":{"rendered":"<p>Aquest curs hem tingut la sort de comptar amb la participaci\u00f3 de la Raquel que ha vingut de pr\u00e0ctiques a la biblioteca i que ha fet una sessi\u00f3 ben interessant on els infants han explicat i han apr\u00e8s coses en la que ens assemblem i&hellip;  <a href=\"https:\/\/agora.xtec.cat\/escolamercerodoredamartorell\/mitjans\/taller-a-la-biblioteca-de-lescola-diversitat\/\" title=\"Read Taller a la biblioteca de l&#8217;escola 2n B: DIVERSITAT\">Llegeix m\u00e9s\u00bb<\/a><\/p>\n","protected":false},"author":9,"featured_media":0,"comment_status":"open","ping_status":"closed","sticky":false,"template":"","format":"standard","meta":{"_bbp_topic_count":0,"_bbp_reply_count":0,"_bbp_total_topic_count":0,"_bbp_total_reply_count":0,"_bbp_voice_count":0,"_bbp_anonymous_reply_count":0,"_bbp_topic_count_hidden":0,"_bbp_reply_count_hidden":0,"_bbp_forum_subforum_count":0,"footnotes":""},"categories":[274],"tags":[],"class_list":["post-2856","post","type-post","status-publish","format-standard","hentry","category-mitjans"],"post_mailing_queue_ids":[],"_links":{"self":[{"href":"https:\/\/agora.xtec.cat\/escolamercerodoredamartorell\/wp-json\/wp\/v2\/posts\/2856","targetHints":{"allow":["GET"]}}],"collection":[{"href":"https:\/\/agora.xtec.cat\/escolamercerodoredamartorell\/wp-json\/wp\/v2\/posts"}],"about":[{"href":"https:\/\/agora.xtec.cat\/escolamercerodoredamartorell\/wp-json\/wp\/v2\/types\/post"}],"author":[{"embeddable":true,"href":"https:\/\/agora.xtec.cat\/escolamercerodoredamartorell\/wp-json\/wp\/v2\/users\/9"}],"replies":[{"embeddable":true,"href":"https:\/\/agora.xtec.cat\/escolamercerodoredamartorell\/wp-json\/wp\/v2\/comments?post=2856"}],"version-history":[{"count":2,"href":"https:\/\/agora.xtec.cat\/escolamercerodoredamartorell\/wp-json\/wp\/v2\/posts\/2856\/revisions"}],"predecessor-version":[{"id":2859,"href":"https:\/\/agora.xtec.cat\/escolamercerodoredamartorell\/wp-json\/wp\/v2\/posts\/2856\/revisions\/2859"}],"wp:attachment":[{"href":"https:\/\/agora.xtec.cat\/escolamercerodoredamartorell\/wp-json\/wp\/v2\/media?parent=2856"}],"wp:term":[{"taxonomy":"category","embeddable":true,"href":"https:\/\/agora.xtec.cat\/escolamercerodoredamartorell\/wp-json\/wp\/v2\/categories?post=2856"},{"taxonomy":"post_tag","embeddable":true,"href":"https:\/\/agora.xtec.cat\/escolamercerodoredamartorell\/wp-json\/wp\/v2\/tags?post=2856"}],"curies":[{"name":"wp","href":"https:\/\/api.w.org\/{rel}","templated":true}]}}