{"id":2853,"date":"2018-06-28T06:39:13","date_gmt":"2018-06-28T04:39:13","guid":{"rendered":"http:\/\/agora.xtec.cat\/escolamercerodoredamartorell\/?p=2853"},"modified":"2020-12-21T19:29:56","modified_gmt":"2020-12-21T18:29:56","slug":"lectura-amb-la-gent-gran","status":"publish","type":"post","link":"https:\/\/agora.xtec.cat\/escolamercerodoredamartorell\/mitjans\/lectura-amb-la-gent-gran\/","title":{"rendered":"Lectura amb la gent gran"},"content":{"rendered":"<p>Durant\u00a0aquest curs hem fet una\u00a0<span class=\"hiddenGrammarError\">activitat pilot<\/span>\u00a0per a compartir estones de lectura amb persones grans. Nosaltres hem tingut el plaer de\u00a0gaudir cada dimecres de la companya del\u00a0<span class=\"hiddenSpellError\">Marius<\/span>. Els infants han gaudit de les activitats que ell amb tot l&#8217;afecte del m\u00f3n els preparava. Els feia llegir, els explicava hist\u00f2ries del poble&#8230; per la seva banda els infants l&#8217;esperaven amb impaci\u00e8ncia mostrant les seves ganes i\u00a0il\u00b7lusi\u00f3\u00a0per gaudir d&#8217;aquesta estona junts.<br \/>\nCom a cloenda van regalar-li un \u00e0lbum ple de dedicat\u00f2ries d&#8217;aquelles que arriben al cor i ell els va portar una foto que\u00a0<span class=\"hiddenGrammarError\">ens<\/span>\u00a0hav\u00edem\u00a0fet junts.<br \/>\nHa estat una experi\u00e8ncia meravellosa on avis i infants han trencat barreres i amb conviscut i\u00a0apr\u00e8s\u00a0els uns dels altres.<\/p>\n<p><img loading=\"lazy\" decoding=\"async\" class=\"aligncenter\" src=\"https:\/\/lh3.googleusercontent.com\/a6J3jwSK77c1CYxPFla8PdYQRz2nDzkir26yczf9GuSm14FOwHkOdGHG6QCKntDSvetpf7iYKuZTAAC3Ykui-BHlnTm8s5AUffFQsExsBZPnDCaC43N_z-W04_mJ_aH9a-jvzMf3U7ySbWSvglNv3Ab8PCdDvAXRA8iRFPSRsoGjrGw-dGSXEiOnJnC0l8P6xau16sXILKPBnDboCYkahHt2an_WLrsN0w4NJNDs3pGI-IDfJ7K9K7Q4OtxWjIH4zpz-sjOvuta4KDxSQGAyf5qh6351JrwrBNZ_evFMNz5_BpzaI4rBaFEfWkgGiTxhHZpEFkCidOy_lO4ZARukGf7k-6J0-GjTLceJ36sntscMRtLKXSKZPsYhElhfBpCck00lCRm7IysxXrltjlBp6WcGd9LvanCV9lU5RWZgC3_Oc2o9GgxvSePX_WKUA6K9SfibVKOvekz2lEPZSwpB1FR9HT2IbZB345q7iJ-L4An4z62PT3Qx5plwvTiitzWgD0MxZNV6n0KTioSJZdQXibJHywEkjwQteuSnpbTKF2xb0JbxPALn5oMY5r766eRTX-bLiSIT3cF9ufeW71ZAIkSyYMiDulvWGZMTR0IZYsNFUMezr88WGcB2IX3OsTN1Cp62NvA9xOElfH6qqPNSSuiqN5W_d0oj=w952-h714-no\" width=\"418\" height=\"313\" \/><\/p>\n","protected":false},"excerpt":{"rendered":"<p>Durant\u00a0aquest curs hem fet una\u00a0activitat pilot\u00a0per a compartir estones de lectura amb persones grans. Nosaltres hem tingut el plaer de\u00a0gaudir cada dimecres de la companya del\u00a0Marius. Els infants han gaudit de les activitats que ell amb tot l&#8217;afecte del m\u00f3n els preparava. Els feia llegir,&hellip;  <a href=\"https:\/\/agora.xtec.cat\/escolamercerodoredamartorell\/mitjans\/lectura-amb-la-gent-gran\/\" title=\"Read Lectura amb la gent gran\">Llegeix m\u00e9s\u00bb<\/a><\/p>\n","protected":false},"author":9,"featured_media":0,"comment_status":"open","ping_status":"closed","sticky":false,"template":"","format":"standard","meta":{"_bbp_topic_count":0,"_bbp_reply_count":0,"_bbp_total_topic_count":0,"_bbp_total_reply_count":0,"_bbp_voice_count":0,"_bbp_anonymous_reply_count":0,"_bbp_topic_count_hidden":0,"_bbp_reply_count_hidden":0,"_bbp_forum_subforum_count":0,"footnotes":""},"categories":[274],"tags":[],"class_list":["post-2853","post","type-post","status-publish","format-standard","hentry","category-mitjans"],"post_mailing_queue_ids":[],"_links":{"self":[{"href":"https:\/\/agora.xtec.cat\/escolamercerodoredamartorell\/wp-json\/wp\/v2\/posts\/2853","targetHints":{"allow":["GET"]}}],"collection":[{"href":"https:\/\/agora.xtec.cat\/escolamercerodoredamartorell\/wp-json\/wp\/v2\/posts"}],"about":[{"href":"https:\/\/agora.xtec.cat\/escolamercerodoredamartorell\/wp-json\/wp\/v2\/types\/post"}],"author":[{"embeddable":true,"href":"https:\/\/agora.xtec.cat\/escolamercerodoredamartorell\/wp-json\/wp\/v2\/users\/9"}],"replies":[{"embeddable":true,"href":"https:\/\/agora.xtec.cat\/escolamercerodoredamartorell\/wp-json\/wp\/v2\/comments?post=2853"}],"version-history":[{"count":2,"href":"https:\/\/agora.xtec.cat\/escolamercerodoredamartorell\/wp-json\/wp\/v2\/posts\/2853\/revisions"}],"predecessor-version":[{"id":2855,"href":"https:\/\/agora.xtec.cat\/escolamercerodoredamartorell\/wp-json\/wp\/v2\/posts\/2853\/revisions\/2855"}],"wp:attachment":[{"href":"https:\/\/agora.xtec.cat\/escolamercerodoredamartorell\/wp-json\/wp\/v2\/media?parent=2853"}],"wp:term":[{"taxonomy":"category","embeddable":true,"href":"https:\/\/agora.xtec.cat\/escolamercerodoredamartorell\/wp-json\/wp\/v2\/categories?post=2853"},{"taxonomy":"post_tag","embeddable":true,"href":"https:\/\/agora.xtec.cat\/escolamercerodoredamartorell\/wp-json\/wp\/v2\/tags?post=2853"}],"curies":[{"name":"wp","href":"https:\/\/api.w.org\/{rel}","templated":true}]}}