{"id":10017,"date":"2022-10-11T12:15:18","date_gmt":"2022-10-11T10:15:18","guid":{"rendered":"https:\/\/agora.xtec.cat\/escolamercerodoredamartorell\/?p=10017"},"modified":"2022-10-10T19:26:26","modified_gmt":"2022-10-10T17:26:26","slug":"i4-visita-laquarium-de-barcelona","status":"publish","type":"post","link":"https:\/\/agora.xtec.cat\/escolamercerodoredamartorell\/petits\/i4-visita-laquarium-de-barcelona\/","title":{"rendered":"I4 VISITA  L&#8217;AQU\u00c0RIUM DE BARCELONA"},"content":{"rendered":"<h2 style=\"text-align: center;\">Aquest divendres dia 7 d&#8217;octubre les classes dels dofins i les tortugues marines han visitat l&#8217;Aqu\u00e0rium de Barcelona.<\/h2>\n<h2 style=\"text-align: center;\">Hem vist diferents animals coneguts i d&#8217;altres molt originals: els que viuen en aig\u00fces fredes i els que viuen en aig\u00fces calentes; els del Mar Mediterrani i els del Mar tropical&#8230;<\/h2>\n<h2 style=\"text-align: center;\">Hem pogut passar tamb\u00e9 pel t\u00fanel i veure les panxes dels taurons, les rajades i d&#8217;altres esp\u00e8cies.<\/h2>\n<h2 style=\"text-align: center;\">I per acabar la visita amb un bon regust de boca, hem gaudit del Teatre de la Doctora Pandora, la qual ha d&#8217;ajudar a un taur\u00f3 a trobar totes les seves aletes perdudes enmig de l&#8217;oce\u00e0.<\/h2>\n<h4 style=\"text-align: center;\">Voleu descobrir que b\u00e9 que ens ho vam passar? Cliqueu a la imatge.<\/h4>\n<p>&nbsp;<\/p>\n<p><a href=\"https:\/\/photos.app.goo.gl\/muLsufncX4oRChiR7\" target=\"_blank\" rel=\"noopener\"><img decoding=\"async\" class=\"aligncenter\" src=\"https:\/\/cdn2.civitatis.com\/espana\/barcelona\/galeria\/tunel-transparente-aquarium.jpg\" alt=\"Entrada a L'Aqu\u00e0rium de Barcelona - Reserva en Civitatis.com\" \/><\/a><\/p>\n","protected":false},"excerpt":{"rendered":"<p>Aquest divendres dia 7 d&#8217;octubre les classes dels dofins i les tortugues marines han visitat l&#8217;Aqu\u00e0rium de Barcelona.<br \/>\nHem vist diferents animals coneguts i d&#8217;altres molt originals: els que viuen en aig\u00fces fredes i els que viuen en aig\u00fces calentes; els del Mar Mediterrani i els&hellip;  <a href=\"https:\/\/agora.xtec.cat\/escolamercerodoredamartorell\/petits\/i4-visita-laquarium-de-barcelona\/\" title=\"Read I4 VISITA  L&#8217;AQU\u00c0RIUM DE BARCELONA\">Llegeix m\u00e9s\u00bb<\/a><\/p>\n","protected":false},"author":7,"featured_media":9120,"comment_status":"open","ping_status":"closed","sticky":false,"template":"","format":"standard","meta":{"_bbp_topic_count":0,"_bbp_reply_count":0,"_bbp_total_topic_count":0,"_bbp_total_reply_count":0,"_bbp_voice_count":0,"_bbp_anonymous_reply_count":0,"_bbp_topic_count_hidden":0,"_bbp_reply_count_hidden":0,"_bbp_forum_subforum_count":0,"footnotes":""},"categories":[136,28],"tags":[],"class_list":["post-10017","post","type-post","status-publish","format-standard","has-post-thumbnail","hentry","category-p-4","category-petits"],"post_mailing_queue_ids":[],"_links":{"self":[{"href":"https:\/\/agora.xtec.cat\/escolamercerodoredamartorell\/wp-json\/wp\/v2\/posts\/10017","targetHints":{"allow":["GET"]}}],"collection":[{"href":"https:\/\/agora.xtec.cat\/escolamercerodoredamartorell\/wp-json\/wp\/v2\/posts"}],"about":[{"href":"https:\/\/agora.xtec.cat\/escolamercerodoredamartorell\/wp-json\/wp\/v2\/types\/post"}],"author":[{"embeddable":true,"href":"https:\/\/agora.xtec.cat\/escolamercerodoredamartorell\/wp-json\/wp\/v2\/users\/7"}],"replies":[{"embeddable":true,"href":"https:\/\/agora.xtec.cat\/escolamercerodoredamartorell\/wp-json\/wp\/v2\/comments?post=10017"}],"version-history":[{"count":2,"href":"https:\/\/agora.xtec.cat\/escolamercerodoredamartorell\/wp-json\/wp\/v2\/posts\/10017\/revisions"}],"predecessor-version":[{"id":10019,"href":"https:\/\/agora.xtec.cat\/escolamercerodoredamartorell\/wp-json\/wp\/v2\/posts\/10017\/revisions\/10019"}],"wp:featuredmedia":[{"embeddable":true,"href":"https:\/\/agora.xtec.cat\/escolamercerodoredamartorell\/wp-json\/wp\/v2\/media\/9120"}],"wp:attachment":[{"href":"https:\/\/agora.xtec.cat\/escolamercerodoredamartorell\/wp-json\/wp\/v2\/media?parent=10017"}],"wp:term":[{"taxonomy":"category","embeddable":true,"href":"https:\/\/agora.xtec.cat\/escolamercerodoredamartorell\/wp-json\/wp\/v2\/categories?post=10017"},{"taxonomy":"post_tag","embeddable":true,"href":"https:\/\/agora.xtec.cat\/escolamercerodoredamartorell\/wp-json\/wp\/v2\/tags?post=10017"}],"curies":[{"name":"wp","href":"https:\/\/api.w.org\/{rel}","templated":true}]}}