{"id":9110,"date":"2021-06-18T10:48:05","date_gmt":"2021-06-18T08:48:05","guid":{"rendered":"http:\/\/agora.xtec.cat\/escolamediterrania\/?p=9110"},"modified":"2021-06-18T10:48:05","modified_gmt":"2021-06-18T08:48:05","slug":"ultima-setmana","status":"publish","type":"post","link":"https:\/\/agora.xtec.cat\/escolamediterrania\/infantil\/la-cova\/ultima-setmana\/","title":{"rendered":"\u00daLTIMA SETMANA"},"content":{"rendered":"<p>Ains, ains, ains&#8230;. \u00faltima setmana&#8230;. s\u00e9 que sonar\u00e0 al t\u00edpic t\u00f2pic&#8230; per\u00f2 el temps ha passat volant, sembla que va ser ahir quan entr\u00e0vem per primera vegada a la nostra cova&#8230; i ara ja ha passat un curs sencer&#8230; contenta de totes les coses boniques que hem fet&#8230; per\u00f2 amb una mica de tristesa per haver dir \u201cfins aviat\u201d a molts dels meus pollitos que m\u2019han estat acompanyat en aquesta aventura durant tres anys i als meus petits que han format part de la nostra fam\u00edlia de la cova durant aquest curs&#8230;..<\/p>\n<p>Per\u00f2 encara ens queden uns dies i sempre cal veure el got ben ple&#8230; aix\u00ed que us expliquem que hem fet durant aquesta setmana, ha estat una mica diferent ja que he donat l\u2019oportunitat als pollitos de poder escollir aquelles propostes que m\u00e9s els han agradat al llarg de tot el curs per poder torna-les a fer, a pensar-les, a gaudir-les&#8230;. aix\u00ed qu\u00e8 podeu mirar el v\u00eddeo per saber que hem estat fent&#8230;<\/p>\n<p>Aquesta setmana hem deixat aparcats els tallers de lletres i nombres per poder enllestir la nostra carpeta de propostes, una carpeta plena de feinetes, per\u00f2 sobretot d\u2019il\u00b7lusi\u00f3, de ganes d\u2019explicar viv\u00e8ncies, de sorpreses, de records bonics dels habitants de la cova&#8230; aquesta carpeta es nom\u00e9s un petit recull d\u2019algunes de les moltes coses que hem estat fent durant aquest curs a la nostra sala&#8230; esperem que la gaudiu molt en companyia dels vostres petits i podeu mirar amb ulls d\u2019infant tot l\u2019esfor\u00e7 , dedicaci\u00f3 i evoluci\u00f3 que hem fet durant el curs&#8230;.<\/p>\n<p>Per\u00f2 tamb\u00e9 ens ha donat temps a preparar les capes dels aniversaris que faran els habitants de la cova durant l\u2019agost&#8230; per aix\u00f2 volem enviar una gran abra\u00e7ada i un enorme pet\u00f3 al Jan i al Xavi que durant aquestes vacances faran 6 i 5 anys. Esperem que gaudiu molt del vostre dia i estigui ple de sorpreses boniques!!<\/p>\n<p>Ehhhh arriba el gran moment de les recomanacions!!!! Les \u00faltimes recomanacions d\u2019aquest curs&#8230; he de dir-vos que he al\u00b7lucinat amb els vostres fill@s per totes les recomanacions que han anat fent durant el curs&#8230; ha estat una forma diferent i divertida de motivar-los a pensar, a escriure, a compartir, a expressar-se, a escoltar&#8230; no podeu imaginar el treball i l\u2019esfor\u00e7 que hi ha darrera d\u2019aquest post-it a la porta&#8230; estic contenta i molt orgullosa de tots i cadascun d\u2019ells&#8230;<\/p>\n<p>JOCS:<\/p>\n<ul>\n<li>ESTEL: PAXIS (Parx\u00eds)<\/li>\n<li>HUGO: TRAGAVOLAS<\/li>\n<\/ul>\n<p>CONTES I LLIBRES:<\/p>\n<ul>\n<li>HUGO: SUPER PATATA<\/li>\n<li>AN\u00d2NIM: LOS CINCO<\/li>\n<\/ul>\n<p>MENJAR:<\/p>\n<ul>\n<li>HUGO: FLAMEMCINES (Flamenquines&#8230; ains m\u2019entra gana nom\u00e9s de llegir-ho jajajaja)<\/li>\n<li>ESTEL: ESPAGETIS<\/li>\n<\/ul>\n<p>PEL\u00b7L\u00cdCULES I S\u00c8RIES:<\/p>\n<ul>\n<li>ESTEL: RAJAN IERAGON (Raja y el ultimo dragon)<\/li>\n<li>NOA RODENAS: CASCANUECES<\/li>\n<li>HUGO: MULAN 1, MULAN 2 (La saga complerta jajajaja)<\/li>\n<li>HUGO: ERCULES<\/li>\n<li>HUGO: ERMANO OSO 2<\/li>\n<li>VALENTINA: LA GAJMA TURURLETA (La gallina turuleta)<\/li>\n<\/ul>\n<p>M\u00daSICA:<\/p>\n<ul>\n<li>VALENTINA: CONXITA \u201cEL VIAGE\u201d (Conchita \u201c el Viaje\u201d)<\/li>\n<\/ul>\n<p>&nbsp;<\/p>\n<p>Fins aqu\u00ed aquesta setmana&#8230;. la propera setmana farem una sortida al parc de la Torre Roja per gaudir del bon temps i despr\u00e8s a la tornada a l\u2019escola tindrem una sorpresa molt refrescant&#8230; i dimarts farem un petit pica pica a las sales i ballarem per acomiadar aquest curs!!<\/p>\n<p>Que passeu un bonic cap de setmana i gaudiu del bon temps!!<\/p>\n<p>SEMPRE SURT EL SOL<\/p>\n<p>VANESSA<\/p>\n<p><a href=\"https:\/\/photos.app.goo.gl\/FoEsrJuHAdwDAGww7\" target=\"_blank\" rel=\"noopener noreferrer\"><img loading=\"lazy\" decoding=\"async\" class=\"aligncenter\" src=\"https:\/\/lh3.googleusercontent.com\/pw\/ACtC-3cL8NSzopKpNFGr_kPKdcWPkbcyXm5KymdKQPQP78Zol3fVfjwGeA9EIKfS82ooFxV25X_-nK-kRDgpe2G-WwyDMM62v2rRelL-tlh5l__DSNYy6pPIarMlFC7_oaO58GBY--7Dmp-F85dDGGtWnbYy6g=w1622-h912-no?authuser=0\" width=\"511\" height=\"287\" \/><\/a><\/p>\n","protected":false},"excerpt":{"rendered":"<p>Ains, ains, ains&#8230;. \u00faltima setmana&#8230;. s\u00e9 que sonar\u00e0 al t\u00edpic t\u00f2pic&#8230; per\u00f2 el temps ha passat volant, sembla que va ser ahir quan entr\u00e0vem per primera vegada a la nostra cova&#8230; i ara ja ha passat un curs sencer&#8230; contenta de totes les coses boniques&hellip;  <a href=\"https:\/\/agora.xtec.cat\/escolamediterrania\/infantil\/la-cova\/ultima-setmana\/\" title=\"Read \u00daLTIMA SETMANA\">Llegeix m\u00e9s\u00bb<\/a><\/p>\n","protected":false},"author":20,"featured_media":0,"comment_status":"open","ping_status":"closed","sticky":false,"template":"","format":"standard","meta":{"_bbp_topic_count":0,"_bbp_reply_count":0,"_bbp_total_topic_count":0,"_bbp_total_reply_count":0,"_bbp_voice_count":0,"_bbp_anonymous_reply_count":0,"_bbp_topic_count_hidden":0,"_bbp_reply_count_hidden":0,"_bbp_forum_subforum_count":0,"footnotes":""},"categories":[8],"tags":[],"class_list":["post-9110","post","type-post","status-publish","format-standard","hentry","category-la-cova"],"post_mailing_queue_ids":[],"_links":{"self":[{"href":"https:\/\/agora.xtec.cat\/escolamediterrania\/wp-json\/wp\/v2\/posts\/9110","targetHints":{"allow":["GET"]}}],"collection":[{"href":"https:\/\/agora.xtec.cat\/escolamediterrania\/wp-json\/wp\/v2\/posts"}],"about":[{"href":"https:\/\/agora.xtec.cat\/escolamediterrania\/wp-json\/wp\/v2\/types\/post"}],"author":[{"embeddable":true,"href":"https:\/\/agora.xtec.cat\/escolamediterrania\/wp-json\/wp\/v2\/users\/20"}],"replies":[{"embeddable":true,"href":"https:\/\/agora.xtec.cat\/escolamediterrania\/wp-json\/wp\/v2\/comments?post=9110"}],"version-history":[{"count":1,"href":"https:\/\/agora.xtec.cat\/escolamediterrania\/wp-json\/wp\/v2\/posts\/9110\/revisions"}],"predecessor-version":[{"id":9111,"href":"https:\/\/agora.xtec.cat\/escolamediterrania\/wp-json\/wp\/v2\/posts\/9110\/revisions\/9111"}],"wp:attachment":[{"href":"https:\/\/agora.xtec.cat\/escolamediterrania\/wp-json\/wp\/v2\/media?parent=9110"}],"wp:term":[{"taxonomy":"category","embeddable":true,"href":"https:\/\/agora.xtec.cat\/escolamediterrania\/wp-json\/wp\/v2\/categories?post=9110"},{"taxonomy":"post_tag","embeddable":true,"href":"https:\/\/agora.xtec.cat\/escolamediterrania\/wp-json\/wp\/v2\/tags?post=9110"}],"curies":[{"name":"wp","href":"https:\/\/api.w.org\/{rel}","templated":true}]}}